{"id":113395,"date":"2024-07-09T11:35:35","date_gmt":"2024-07-09T08:35:35","guid":{"rendered":"https:\/\/realitatearutiera.ro\/?p=113395"},"modified":"2024-07-09T11:35:37","modified_gmt":"2024-07-09T08:35:37","slug":"mocanita-circula-din-nou-pe-ruta-campeni-carpinis","status":"publish","type":"post","link":"https:\/\/realitatearutiera.ro\/?p=113395","title":{"rendered":"Moc\u0103ni\u021ba circul\u0103 din nou pe ruta C\u00e2mpeni \u2013 C\u0103rpini\u0219"},"content":{"rendered":"\n<figure class=\"wp-block-image size-large is-resized\"><img loading=\"lazy\" decoding=\"async\" width=\"800\" height=\"541\" data-attachment-id=\"113396\" data-permalink=\"https:\/\/realitatearutiera.ro\/?attachment_id=113396\" data-orig-file=\"https:\/\/i1.wp.com\/realitatearutiera.ro\/wp-content\/uploads\/2024\/07\/image-10.png?fit=1267%2C857&amp;ssl=1\" data-orig-size=\"1267,857\" data-comments-opened=\"1\" data-image-meta=\"{&quot;aperture&quot;:&quot;0&quot;,&quot;credit&quot;:&quot;&quot;,&quot;camera&quot;:&quot;&quot;,&quot;caption&quot;:&quot;&quot;,&quot;created_timestamp&quot;:&quot;0&quot;,&quot;copyright&quot;:&quot;&quot;,&quot;focal_length&quot;:&quot;0&quot;,&quot;iso&quot;:&quot;0&quot;,&quot;shutter_speed&quot;:&quot;0&quot;,&quot;title&quot;:&quot;&quot;,&quot;orientation&quot;:&quot;0&quot;}\" data-image-title=\"image-10\" data-image-description=\"\" data-medium-file=\"https:\/\/i1.wp.com\/realitatearutiera.ro\/wp-content\/uploads\/2024\/07\/image-10.png?fit=300%2C203&amp;ssl=1\" data-large-file=\"https:\/\/i1.wp.com\/realitatearutiera.ro\/wp-content\/uploads\/2024\/07\/image-10.png?fit=800%2C541&amp;ssl=1\" src=\"https:\/\/i2.wp.com\/realitatearutiera.ro\/wp-content\/uploads\/2024\/07\/image-10-1024x693.png?resize=800%2C541&#038;ssl=1\" alt=\"\" class=\"wp-image-113396\" style=\"width:543px;height:auto\" srcset=\"https:\/\/i1.wp.com\/realitatearutiera.ro\/wp-content\/uploads\/2024\/07\/image-10.png?resize=1024%2C693&amp;ssl=1 1024w, https:\/\/i1.wp.com\/realitatearutiera.ro\/wp-content\/uploads\/2024\/07\/image-10.png?resize=300%2C203&amp;ssl=1 300w, https:\/\/i1.wp.com\/realitatearutiera.ro\/wp-content\/uploads\/2024\/07\/image-10.png?resize=768%2C519&amp;ssl=1 768w, https:\/\/i1.wp.com\/realitatearutiera.ro\/wp-content\/uploads\/2024\/07\/image-10.png?w=1267&amp;ssl=1 1267w\" sizes=\"auto, (max-width: 800px) 100vw, 800px\" data-recalc-dims=\"1\" \/><\/figure>\n\n\n\n<p><strong>Moc\u0103ni\u021ba circul\u0103 din nou \u00een acest sezon pe ruta C\u00e2mpeni \u2013 C\u0103rpini\u0219. \u00cen fiecare s\u00e2mb\u0103t\u0103 \u0219i duminic\u0103, p\u00e2n\u0103 \u00een 14 septembrie, trenule\u021bul va pleca din gara din C\u00e2mpeni la orele 10:00, 13:00 \u0219i 15:00.&nbsp;<\/strong><\/p>\n\n\n\n<p>O curs\u0103 dureaz\u0103 aproximativ 2 ore (dus \u2013 \u00eentors) \u0219i cost\u0103 30 de lei pentru adul\u021bi \u0219i 20 de lei pentru copii.<\/p>\n\n\n\n<p>\u201dDe luni p\u00e2n\u0103 vineri facem o curs\u0103 de la ora 15:00, \u00een cazul \u00een care avem p\u00e2n\u0103 la ora 12:00 minim 30 de rezerv\u0103ri online.<\/p>\n\n\n\n<p>Pasagerii care au f\u0103cut rezervare primesc p\u00e2n\u0103 la ora 12 r\u0103spuns telefonic dac\u0103 se \u021bine cursa sau nu.<\/p>\n\n\n\n<p>\u00cen cazul \u00een care nu se str\u00e2ng 20 de c\u0103l\u0103tori se anuleaz\u0103 cursa, iar programul poate suferi modific\u0103ri\u201d au transmis reprezentan\u021bii companiei care opereaz\u0103 micul trenule\u021b al mo\u021bilor.<\/p>\n\n\n\n<p>Trenurile vor fi tractate de locomotive diesel.<\/p>\n\n\n\n<p>Sursa:romania24<\/p>\n","protected":false},"excerpt":{"rendered":"<p>Moc\u0103ni\u021ba circul\u0103 din nou \u00een acest sezon pe ruta C\u00e2mpeni \u2013 C\u0103rpini\u0219. \u00cen fiecare s\u00e2mb\u0103t\u0103 \u0219i duminic\u0103, p\u00e2n\u0103 \u00een 14<\/p>\n","protected":false},"author":1,"featured_media":113397,"comment_status":"open","ping_status":"closed","sticky":false,"template":"","format":"standard","meta":{"spay_email":"","footnotes":"","jetpack_publicize_message":""},"categories":[53],"tags":[],"class_list":["post-113395","post","type-post","status-publish","format-standard","has-post-thumbnail","hentry","category-periplu-prin-romania"],"jetpack_featured_media_url":"https:\/\/i2.wp.com\/realitatearutiera.ro\/wp-content\/uploads\/2024\/07\/Afis-Campeni-Carpinis-vertical-scaled-e1720502062412.jpg?fit=1267%2C857&ssl=1","jetpack_publicize_connections":[],"jetpack_sharing_enabled":true,"jetpack_shortlink":"https:\/\/wp.me\/p61naM-tuX","jetpack-related-posts":[],"_links":{"self":[{"href":"https:\/\/realitatearutiera.ro\/index.php?rest_route=\/wp\/v2\/posts\/113395","targetHints":{"allow":["GET"]}}],"collection":[{"href":"https:\/\/realitatearutiera.ro\/index.php?rest_route=\/wp\/v2\/posts"}],"about":[{"href":"https:\/\/realitatearutiera.ro\/index.php?rest_route=\/wp\/v2\/types\/post"}],"author":[{"embeddable":true,"href":"https:\/\/realitatearutiera.ro\/index.php?rest_route=\/wp\/v2\/users\/1"}],"replies":[{"embeddable":true,"href":"https:\/\/realitatearutiera.ro\/index.php?rest_route=%2Fwp%2Fv2%2Fcomments&post=113395"}],"version-history":[{"count":1,"href":"https:\/\/realitatearutiera.ro\/index.php?rest_route=\/wp\/v2\/posts\/113395\/revisions"}],"predecessor-version":[{"id":113398,"href":"https:\/\/realitatearutiera.ro\/index.php?rest_route=\/wp\/v2\/posts\/113395\/revisions\/113398"}],"wp:featuredmedia":[{"embeddable":true,"href":"https:\/\/realitatearutiera.ro\/index.php?rest_route=\/wp\/v2\/media\/113397"}],"wp:attachment":[{"href":"https:\/\/realitatearutiera.ro\/index.php?rest_route=%2Fwp%2Fv2%2Fmedia&parent=113395"}],"wp:term":[{"taxonomy":"category","embeddable":true,"href":"https:\/\/realitatearutiera.ro\/index.php?rest_route=%2Fwp%2Fv2%2Fcategories&post=113395"},{"taxonomy":"post_tag","embeddable":true,"href":"https:\/\/realitatearutiera.ro\/index.php?rest_route=%2Fwp%2Fv2%2Ftags&post=113395"}],"curies":[{"name":"wp","href":"https:\/\/api.w.org\/{rel}","templated":true}]}}