{"id":113589,"date":"2024-07-15T09:42:35","date_gmt":"2024-07-15T06:42:35","guid":{"rendered":"https:\/\/realitatearutiera.ro\/?p=113589"},"modified":"2024-07-15T09:42:37","modified_gmt":"2024-07-15T06:42:37","slug":"cursa-unui-sofer-beat-si-fara-permis-s-a-incheiat-intr-un-cap-de-pod","status":"publish","type":"post","link":"https:\/\/realitatearutiera.ro\/?p=113589","title":{"rendered":"\u00a0Cursa, unui \u0219ofer beat \u0219i far\u0103 permis, s-a \u00eencheiat \u00eentr-un cap de pod"},"content":{"rendered":"\n<p>Un \u0219ofer care a refuzat s\u0103 opreasc\u0103 la semnalele poli\u021bi\u0219tilor \u0219i a pornit \u00een curs\u0103 pe str\u0103zile unui ora\u0219 din Olt a sf\u00e2r\u0219it cu ma\u0219ina \u00eentr-un cap de pod. \u0218oferul cu o alcoolemie mare r\u0103m\u0103sese anterior f\u0103r\u0103 permis tot din cauza consumului de alcool.<\/p>\n\n\n\n<figure class=\"wp-block-image\"><img decoding=\"async\" src=\"https:\/\/i0.wp.com\/cdn.adh.reperio.news\/image-2\/2b641718-d682-40f5-a602-03879dfc09f3\/index.jpeg?w=800&#038;ssl=1\" alt=\"image\" data-recalc-dims=\"1\"\/><\/figure>\n\n\n\n<p>\u0218oferul urm\u0103rit de poli\u021bie are 34 ani, iar cursa a avut loc s\u00e2mb\u0103t\u0103, 13 iulie 2024, dup\u0103 pr\u00e2nz, pe o strad\u0103 din ora\u0219ul Dr\u0103g\u0103ne\u0219ti-Olt.&nbsp;<\/p>\n\n\n\n<p>\u201e<em>La data de 13 iulie 2024, \u00een jurul orei 13,50, poli\u021bi\u0219tii rutieri, din cadrul Poli\u021biei ora\u0219ului Dr\u0103g\u0103ne\u0219ti-Olt, \u00een timp ce desf\u0103\u0219urau activit\u0103\u021bi specifice pe strada General Teiu\u0219anu, din ora\u0219ul Dr\u0103g\u0103ne\u0219ti-Olt, au efectuat semnalul regulamentar de oprire unui autoturism.<\/em><\/p>\n\n\n\n<p><em>\u00centruc\u00e2t conduc\u0103torul autoturismului nu s-a supus m\u0103surii, poli\u021bi\u0219tii au procedat la urm\u0103rirea acestuia, cu semnalele acustice \u0219i luminoase \u00een func\u021biune. La scurt timp, c<\/em><a href=\"https:\/\/adevarul.ro\/sport\/tanar-ciclist-spulberat-de-un-sofer-beat-cat-de-2366934.html\">onduc\u0103torul autoturismului&nbsp;<\/a><em>a pierdut controlul direc\u021biei de deplasare, a ie\u0219it \u00een afara p\u0103r\u021bii carosabile \u0219i a intrat \u00een coliziune cu un cap de pod. Ulterior, conduc\u0103torul auto a parasit autoturismul \u0219i a \u00eencercat s\u0103 se sustrag\u0103, fiind prins \u0219i imobilizat de c\u0103tre poli\u021bi\u0219ti<\/em>\u201d, au precizat reprezentan\u021bii Inspectoratului de Poli\u021bie Jude\u021bean Olt, \u00eentr-un comunicat de pres\u0103.<\/p>\n\n\n\n<figure class=\"wp-block-image\"><img decoding=\"async\" src=\"https:\/\/i1.wp.com\/cdn.adh.reperio.news\/image-b\/b8869e61-4edb-4c56-a006-c29838ef7707\/index.jpeg?w=800&#038;ssl=1\" alt=\"image\" data-recalc-dims=\"1\"\/><\/figure>\n\n\n\n<p>Poli\u021bi\u0219tii l-au identificat, stabilind c\u0103 este un t\u00e2n\u0103r de 34 ani, din ora\u0219ul Dr\u0103g\u0103ne\u0219ti-Olt, care&nbsp;avea dreptul de a conduce autovehicule pe drumurile publice anulat, \u0219oferul fiind depistat \u0219i \u00een trecut la volan sub influen\u021ba b\u0103uturilor alcoolice.<\/p>\n\n\n\n<p>\u201e<em>\u00centruc\u00e2t t\u00e2n\u0103rul emana halen\u0103 alcoolic\u0103, poli\u021bi\u0219tii au procedat la testarea acestuia cu aparatul etilotest, rezult\u00e2nd o concentra\u021bie alcoolic\u0103 de 1,43 mg\/l alcool pur \u00een aerul expirat. Totodat\u0103, acesta a fost testat \u0219i cu aparatul pentru depsitarea substan\u021belor psihoactive, rezultatul fiind negativ\u201d,<\/em>&nbsp;au mai precizat poli\u021bi\u0219tii.<\/p>\n\n\n\n<p>\u0218oferul a fost condus la spital pentru recoltarea de probe biologice de s\u00e2nge \u00een vederea stabilirii cu exactitate a alcoolemiei.&nbsp;<a href=\"https:\/\/adevarul.ro\/stiri-locale\/slatina\/un-sofer-ucrainean-beat-mort-a-furat-tirul-unui-2366288.html\">\u0218oferul este acum cercetat&nbsp;<\/a>pentru dou\u0103 infrac\u021biuni: conducerea unui vehicul f\u0103r\u0103 permis de conducere \u0219i conducerea unui vehicul sub influen\u021ba alcoolului<\/p>\n\n\n\n<p>Sursa\/foto:adevarul<\/p>\n","protected":false},"excerpt":{"rendered":"<p>Un \u0219ofer care a refuzat s\u0103 opreasc\u0103 la semnalele poli\u021bi\u0219tilor \u0219i a pornit \u00een curs\u0103 pe str\u0103zile unui ora\u0219 din<\/p>\n","protected":false},"author":1,"featured_media":113590,"comment_status":"open","ping_status":"closed","sticky":false,"template":"","format":"standard","meta":{"spay_email":"","footnotes":"","jetpack_publicize_message":""},"categories":[6],"tags":[],"class_list":["post-113589","post","type-post","status-publish","format-standard","has-post-thumbnail","hentry","category-social"],"jetpack_featured_media_url":"https:\/\/realitatearutiera.ro\/wp-content\/uploads\/2024\/07\/index-1-5.webp","jetpack_publicize_connections":[],"jetpack_sharing_enabled":true,"jetpack_shortlink":"https:\/\/wp.me\/p61naM-ty5","jetpack-related-posts":[],"_links":{"self":[{"href":"https:\/\/realitatearutiera.ro\/index.php?rest_route=\/wp\/v2\/posts\/113589","targetHints":{"allow":["GET"]}}],"collection":[{"href":"https:\/\/realitatearutiera.ro\/index.php?rest_route=\/wp\/v2\/posts"}],"about":[{"href":"https:\/\/realitatearutiera.ro\/index.php?rest_route=\/wp\/v2\/types\/post"}],"author":[{"embeddable":true,"href":"https:\/\/realitatearutiera.ro\/index.php?rest_route=\/wp\/v2\/users\/1"}],"replies":[{"embeddable":true,"href":"https:\/\/realitatearutiera.ro\/index.php?rest_route=%2Fwp%2Fv2%2Fcomments&post=113589"}],"version-history":[{"count":1,"href":"https:\/\/realitatearutiera.ro\/index.php?rest_route=\/wp\/v2\/posts\/113589\/revisions"}],"predecessor-version":[{"id":113591,"href":"https:\/\/realitatearutiera.ro\/index.php?rest_route=\/wp\/v2\/posts\/113589\/revisions\/113591"}],"wp:featuredmedia":[{"embeddable":true,"href":"https:\/\/realitatearutiera.ro\/index.php?rest_route=\/wp\/v2\/media\/113590"}],"wp:attachment":[{"href":"https:\/\/realitatearutiera.ro\/index.php?rest_route=%2Fwp%2Fv2%2Fmedia&parent=113589"}],"wp:term":[{"taxonomy":"category","embeddable":true,"href":"https:\/\/realitatearutiera.ro\/index.php?rest_route=%2Fwp%2Fv2%2Fcategories&post=113589"},{"taxonomy":"post_tag","embeddable":true,"href":"https:\/\/realitatearutiera.ro\/index.php?rest_route=%2Fwp%2Fv2%2Ftags&post=113589"}],"curies":[{"name":"wp","href":"https:\/\/api.w.org\/{rel}","templated":true}]}}