{"id":113661,"date":"2024-07-16T09:13:16","date_gmt":"2024-07-16T06:13:16","guid":{"rendered":"https:\/\/realitatearutiera.ro\/?p=113661"},"modified":"2024-07-16T09:15:06","modified_gmt":"2024-07-16T06:15:06","slug":"un-sofer-ar-fi-reusit-sa-se-imbete-doar-din-vinul-evaporat-in-beci","status":"publish","type":"post","link":"https:\/\/realitatearutiera.ro\/?p=113661","title":{"rendered":"M\u0103rturia halucinant\u0103 a unui \u0219ofer beat"},"content":{"rendered":"\n<p>Un \u0219ofer ar fi reu\u0219it s\u0103 se \u00eembete doar din vinul evaporat \u00een beci. Cel pu\u021bin asta le-a povestit anchetatorilor. \u0218i-a schimbat declara\u021bia doar \u00een fa\u021ba instan\u021bei, pentru a putea ob\u021bine o reducere a pedepsei.<\/p>\n\n\n\n<p>Ioan A\u0219tefani a fost oprit de poli\u021bi\u0219tii de frontier\u0103 \u00een seara zilei de 27 iunie 2022, pe c\u00e2nd se afla la volan, \u00een localitatea Osoi, pe DN 28. Emana halen\u0103 alcoolic\u0103, iar la \u00eentrebarea poli\u021bi\u0219tilor a confirmat c\u0103 b\u0103use. \u00centruc\u00e2t niciun echipaj al Poli\u021biei Rutiere nu era disponibil pentru a-l testa cu aparatul Dr\u00e4ger, a fost chemat un echipaj de interven\u021bie.<\/p>\n\n\n\n<p>Acesta i-a cerut lui A\u0219tefani s\u0103-\u0219i ia actele \u0219i lucrurile personale din ma\u0219in\u0103 \u0219i s\u0103 o \u00eencuie, pentru a fi condus la Ia\u0219i. \u0218oferul a refuzat \u00eens\u0103 s\u0103 se conformeze \u0219i a \u00eencercat s\u0103 opun\u0103 rezisten\u021b\u0103. Poli\u021bi\u0219tii au reu\u0219it s\u0103-l conving\u0103 s\u0103-i urmeze doar dup\u0103 ce l-au amenin\u021bat c\u0103 \u00eel vor \u00eenc\u0103tu\u0219a. Analizele efectuate la IML au stabilit o alcoolemie de 1,5\u2030 \u00een s\u00e2nge. Lu\u00e2ndu-se \u00een calcul \u0219i ora incidentului, alcoolemia teoretic\u0103 a fost calculat\u0103 la 1,75\u2030.<\/p>\n\n\n\n<p>\u00cen cursul urm\u0103ririi penale, A\u0219tefani a negat consumul de alcool. A explicat c\u0103 \u00een diminea\u021ba zilei respectiv tr\u0103sese 270 de litri de vin dintr-un butoi \u00een sticle. Inhalase involuntar vapori de alcool. Ap\u0103rarea a fost respins\u0103 de procurorul de caz, \u00eentruc\u00e2t contrazicea constat\u0103rile IML. Abia \u00een fa\u021ba magistra\u021bilor Judec\u0103toriei R\u0103duc\u0103neni, A\u0219tefani \u0219i-a recunoscut fapta.<\/p>\n\n\n\n<p>\u0218oferul a fost g\u0103sit vinovat de conducerea unui autovehicul sub influen\u021ba alcoolului. Judec\u0103torii au luat \u00eens\u0103 \u00een considerare v\u00e2rsta de 63 de ani pe care o avea la data incidentului, ca \u0219i faptul c\u0103 se afla pentru prima oar\u0103 \u00een conflict cu legea penal\u0103. Judec\u0103torii au consemnat comportamentul \u0219oferului \u00een fa\u021ba poli\u021bi\u0219tilor, ca \u0219i pove\u0219tile \u00eendrugate anchetatorilor, dar nu au insistat asupra lor. \u00cen cele din urm\u0103, ei au optat pentru minimul de pedeaps\u0103 permis de Codul Penal, respectiv 8 luni de \u00eenchisoare, cu suspendarea execut\u0103rii pedepsei pe durata unui termen de supraveghere de 2 ani. A\u0219tefani va trebui s\u0103 frecventeze un program de reintegrare social\u0103 \u0219i s\u0103 presteze 60 de zile de munc\u0103 neremunerat\u0103 \u00een folosul comunit\u0103\u021bii. Sentin\u021ba Judec\u0103toriei R\u0103duc\u0103neni poate fi contestat\u0103 \u00een fa\u021ba Cur\u021bii de Apel.<\/p>\n\n\n\n<p>Sursa:ziaruldeiasi<\/p>\n","protected":false},"excerpt":{"rendered":"<p>Un \u0219ofer ar fi reu\u0219it s\u0103 se \u00eembete doar din vinul evaporat \u00een beci. Cel pu\u021bin asta le-a povestit anchetatorilor.<\/p>\n","protected":false},"author":1,"featured_media":0,"comment_status":"open","ping_status":"closed","sticky":false,"template":"","format":"standard","meta":{"spay_email":"","footnotes":"","jetpack_publicize_message":""},"categories":[6],"tags":[],"class_list":["post-113661","post","type-post","status-publish","format-standard","hentry","category-social"],"jetpack_featured_media_url":"","jetpack_publicize_connections":[],"jetpack_sharing_enabled":true,"jetpack_shortlink":"https:\/\/wp.me\/p61naM-tzf","jetpack-related-posts":[],"_links":{"self":[{"href":"https:\/\/realitatearutiera.ro\/index.php?rest_route=\/wp\/v2\/posts\/113661","targetHints":{"allow":["GET"]}}],"collection":[{"href":"https:\/\/realitatearutiera.ro\/index.php?rest_route=\/wp\/v2\/posts"}],"about":[{"href":"https:\/\/realitatearutiera.ro\/index.php?rest_route=\/wp\/v2\/types\/post"}],"author":[{"embeddable":true,"href":"https:\/\/realitatearutiera.ro\/index.php?rest_route=\/wp\/v2\/users\/1"}],"replies":[{"embeddable":true,"href":"https:\/\/realitatearutiera.ro\/index.php?rest_route=%2Fwp%2Fv2%2Fcomments&post=113661"}],"version-history":[{"count":2,"href":"https:\/\/realitatearutiera.ro\/index.php?rest_route=\/wp\/v2\/posts\/113661\/revisions"}],"predecessor-version":[{"id":113664,"href":"https:\/\/realitatearutiera.ro\/index.php?rest_route=\/wp\/v2\/posts\/113661\/revisions\/113664"}],"wp:attachment":[{"href":"https:\/\/realitatearutiera.ro\/index.php?rest_route=%2Fwp%2Fv2%2Fmedia&parent=113661"}],"wp:term":[{"taxonomy":"category","embeddable":true,"href":"https:\/\/realitatearutiera.ro\/index.php?rest_route=%2Fwp%2Fv2%2Fcategories&post=113661"},{"taxonomy":"post_tag","embeddable":true,"href":"https:\/\/realitatearutiera.ro\/index.php?rest_route=%2Fwp%2Fv2%2Ftags&post=113661"}],"curies":[{"name":"wp","href":"https:\/\/api.w.org\/{rel}","templated":true}]}}