{"id":114180,"date":"2024-07-29T08:20:59","date_gmt":"2024-07-29T05:20:59","guid":{"rendered":"https:\/\/realitatearutiera.ro\/?p=114180"},"modified":"2024-07-29T08:21:00","modified_gmt":"2024-07-29T05:21:00","slug":"o-femeie-a-murit-calcata-de-o-masina-care-dadea-cu-spatele-intr-o-parcare-din-iasi","status":"publish","type":"post","link":"https:\/\/realitatearutiera.ro\/?p=114180","title":{"rendered":"O femeie a murit c\u0103lcat\u0103 de o ma\u0219in\u0103 care d\u0103dea cu spatele \u00eentr-o parcare din Ia\u0219i"},"content":{"rendered":"\n<p>Tragedie, ieri, pe o strad\u0103 din Ia\u015fi. O femeie de 75 de ani a murit, dup\u0103 ce un \u015fofer nu a v\u0103zut-o c\u00e2nd a dat cu spatele.<a href=\"https:\/\/observatornews.ro\/autori\/redactia-observator-id29.html\"><\/a><\/p>\n\n\n\n<figure class=\"wp-block-image\"><img decoding=\"async\" src=\"https:\/\/i0.wp.com\/ivm.antenaplay.ro\/thumbs\/antena1\/2024\/07\/29\/Q8qvgDKjH5y_2L.jpg?w=800&#038;ssl=1\" alt=\"\" data-recalc-dims=\"1\"\/><\/figure>\n\n\n\n<ul class=\"wp-block-list\"><\/ul>\n\n\n\n<p>\u015eoferul ma\u0219inii, care \u00eencerca s\u0103 ias\u0103 dintre blocuri, asigur\u00e2ndu-se c\u0103 nu love\u015fte un alt vehicul parcat lateral pe \u015fosea, a surprins-o pe victim\u0103. Impactul a fost at\u00e2t de puternic \u00eenc\u00e2t femeia a ajuns sub ro\u0163ile autoturismului \u015fi nu a avut nici o \u015fans\u0103 la via\u0163\u0103. <\/p>\n\n\n\n<p>\u015eoferul a fost testat cu aparatul alcool test, iar rezultatul a fost negativ. Poli\u021bi\u0219tii au deschis un dosar penal penal pentru ucidere din culp\u0103.<\/p>\n\n\n\n<p>Sursa:observatornews<\/p>\n","protected":false},"excerpt":{"rendered":"<p>Tragedie, ieri, pe o strad\u0103 din Ia\u015fi. O femeie de 75 de ani a murit, dup\u0103 ce un \u015fofer nu<\/p>\n","protected":false},"author":1,"featured_media":98109,"comment_status":"open","ping_status":"closed","sticky":false,"template":"","format":"standard","meta":{"spay_email":"","footnotes":"","jetpack_publicize_message":""},"categories":[1],"tags":[],"class_list":["post-114180","post","type-post","status-publish","format-standard","has-post-thumbnail","hentry","category-uncategorized"],"jetpack_featured_media_url":"https:\/\/realitatearutiera.ro\/wp-content\/uploads\/2023\/04\/accident.webp","jetpack_publicize_connections":[],"jetpack_sharing_enabled":true,"jetpack_shortlink":"https:\/\/wp.me\/p61naM-tHC","jetpack-related-posts":[],"_links":{"self":[{"href":"https:\/\/realitatearutiera.ro\/index.php?rest_route=\/wp\/v2\/posts\/114180","targetHints":{"allow":["GET"]}}],"collection":[{"href":"https:\/\/realitatearutiera.ro\/index.php?rest_route=\/wp\/v2\/posts"}],"about":[{"href":"https:\/\/realitatearutiera.ro\/index.php?rest_route=\/wp\/v2\/types\/post"}],"author":[{"embeddable":true,"href":"https:\/\/realitatearutiera.ro\/index.php?rest_route=\/wp\/v2\/users\/1"}],"replies":[{"embeddable":true,"href":"https:\/\/realitatearutiera.ro\/index.php?rest_route=%2Fwp%2Fv2%2Fcomments&post=114180"}],"version-history":[{"count":1,"href":"https:\/\/realitatearutiera.ro\/index.php?rest_route=\/wp\/v2\/posts\/114180\/revisions"}],"predecessor-version":[{"id":114181,"href":"https:\/\/realitatearutiera.ro\/index.php?rest_route=\/wp\/v2\/posts\/114180\/revisions\/114181"}],"wp:featuredmedia":[{"embeddable":true,"href":"https:\/\/realitatearutiera.ro\/index.php?rest_route=\/wp\/v2\/media\/98109"}],"wp:attachment":[{"href":"https:\/\/realitatearutiera.ro\/index.php?rest_route=%2Fwp%2Fv2%2Fmedia&parent=114180"}],"wp:term":[{"taxonomy":"category","embeddable":true,"href":"https:\/\/realitatearutiera.ro\/index.php?rest_route=%2Fwp%2Fv2%2Fcategories&post=114180"},{"taxonomy":"post_tag","embeddable":true,"href":"https:\/\/realitatearutiera.ro\/index.php?rest_route=%2Fwp%2Fv2%2Ftags&post=114180"}],"curies":[{"name":"wp","href":"https:\/\/api.w.org\/{rel}","templated":true}]}}