{"id":114213,"date":"2024-07-29T09:14:49","date_gmt":"2024-07-29T06:14:49","guid":{"rendered":"https:\/\/realitatearutiera.ro\/?p=114213"},"modified":"2024-07-29T09:14:50","modified_gmt":"2024-07-29T06:14:50","slug":"masina-a-politiei-lovita-de-o-soferita-incepatoare-ce-s-a-intamplat-dupa-accident","status":"publish","type":"post","link":"https:\/\/realitatearutiera.ro\/?p=114213","title":{"rendered":"Ma\u0219in\u0103 a poli\u021biei lovit\u0103 de o \u0219oferi\u021b\u0103 \u00eencep\u0103toare. Ce s-a \u00eent\u00e2mplat dup\u0103 accident"},"content":{"rendered":"\n<p>O ma\u0219in\u0103 a Inspectoratului de Poli\u021bie Suceava a fost lovit\u0103 \u00een plin de o \u0219oferi\u021b\u0103 \u00eencep\u0103toare, \u00eentr-o intersec\u021bie din ora\u0219.<\/p>\n\n\n\n<p>Autospeciala avea semnalele acustice \u0219i luminoase \u00een func\u021biune. Transporta la parchet doi indivizi, aresta\u021bi pentru trafic de droguri. Echipajul, format din doi agen\u021bi, \u00eei aducea pe suspec\u021bi din Bistri\u021ba pentru audieri la Suceava.<\/p>\n\n\n\n<p>Pe drumul de \u00eentoarcere, \u00eentr-o intersec\u021bie, t\u00e2n\u0103ra de 19 ani nu le-a acordat prioritate \u0219i a lovit \u00een plin autospeciala. Vehiculul s-a aprins, \u00eens\u0103 fl\u0103c\u0103rile au fost stinse de martori. Poli\u0163istul de la volan \u0219i unul dintre de\u021binu\u021bi au ajuns la spital cu r\u0103ni.<\/p>\n\n\n\n<p>Sursa:stirileprotv<\/p>\n","protected":false},"excerpt":{"rendered":"<p>O ma\u0219in\u0103 a Inspectoratului de Poli\u021bie Suceava a fost lovit\u0103 \u00een plin de o \u0219oferi\u021b\u0103 \u00eencep\u0103toare, \u00eentr-o intersec\u021bie din ora\u0219.<\/p>\n","protected":false},"author":1,"featured_media":96612,"comment_status":"open","ping_status":"closed","sticky":false,"template":"","format":"standard","meta":{"spay_email":"","footnotes":"","jetpack_publicize_message":""},"categories":[1],"tags":[],"class_list":["post-114213","post","type-post","status-publish","format-standard","has-post-thumbnail","hentry","category-uncategorized"],"jetpack_featured_media_url":"https:\/\/i1.wp.com\/realitatearutiera.ro\/wp-content\/uploads\/2023\/03\/accident_2777d40c6e.jpg?fit=1920%2C1080&ssl=1","jetpack_publicize_connections":[],"jetpack_sharing_enabled":true,"jetpack_shortlink":"https:\/\/wp.me\/p61naM-tI9","jetpack-related-posts":[],"_links":{"self":[{"href":"https:\/\/realitatearutiera.ro\/index.php?rest_route=\/wp\/v2\/posts\/114213","targetHints":{"allow":["GET"]}}],"collection":[{"href":"https:\/\/realitatearutiera.ro\/index.php?rest_route=\/wp\/v2\/posts"}],"about":[{"href":"https:\/\/realitatearutiera.ro\/index.php?rest_route=\/wp\/v2\/types\/post"}],"author":[{"embeddable":true,"href":"https:\/\/realitatearutiera.ro\/index.php?rest_route=\/wp\/v2\/users\/1"}],"replies":[{"embeddable":true,"href":"https:\/\/realitatearutiera.ro\/index.php?rest_route=%2Fwp%2Fv2%2Fcomments&post=114213"}],"version-history":[{"count":1,"href":"https:\/\/realitatearutiera.ro\/index.php?rest_route=\/wp\/v2\/posts\/114213\/revisions"}],"predecessor-version":[{"id":114214,"href":"https:\/\/realitatearutiera.ro\/index.php?rest_route=\/wp\/v2\/posts\/114213\/revisions\/114214"}],"wp:featuredmedia":[{"embeddable":true,"href":"https:\/\/realitatearutiera.ro\/index.php?rest_route=\/wp\/v2\/media\/96612"}],"wp:attachment":[{"href":"https:\/\/realitatearutiera.ro\/index.php?rest_route=%2Fwp%2Fv2%2Fmedia&parent=114213"}],"wp:term":[{"taxonomy":"category","embeddable":true,"href":"https:\/\/realitatearutiera.ro\/index.php?rest_route=%2Fwp%2Fv2%2Fcategories&post=114213"},{"taxonomy":"post_tag","embeddable":true,"href":"https:\/\/realitatearutiera.ro\/index.php?rest_route=%2Fwp%2Fv2%2Ftags&post=114213"}],"curies":[{"name":"wp","href":"https:\/\/api.w.org\/{rel}","templated":true}]}}