{"id":114276,"date":"2024-08-07T08:20:57","date_gmt":"2024-08-07T05:20:57","guid":{"rendered":"https:\/\/realitatearutiera.ro\/?p=114276"},"modified":"2024-08-07T08:20:58","modified_gmt":"2024-08-07T05:20:58","slug":"trei-persoane-la-un-pas-de-tragedie","status":"publish","type":"post","link":"https:\/\/realitatearutiera.ro\/?p=114276","title":{"rendered":"Trei persoane, la un pas de tragedie"},"content":{"rendered":"\n<p>Trei persoane au fost la un pas de tragedie, dup\u0103 ce \u015foferul ma\u015finii \u00een care se aflau a pierdut controlul volanului \u00eentr-o curb\u0103, a intrat pe contrasens, apoi a plonjat direct \u00een r\u00e2u. &nbsp;<a href=\"https:\/\/observatornews.ro\/autori\/redactia-observator-id29.html\"><\/a><\/p>\n\n\n\n<figure class=\"wp-block-image\"><img decoding=\"async\" src=\"https:\/\/i2.wp.com\/img.observatornews.ro\/0\/2024\/8\/7\/588892\/322b6d72-10a5-4a30-8f05-4a5178bb07fb-91601877.jpg?w=800&#038;ssl=1\" alt=\"\" data-recalc-dims=\"1\"\/><\/figure>\n\n\n\n<ul class=\"wp-block-list\"><\/ul>\n\n\n\n<p>Totul s-a \u00eent\u00e2mplat \u00een ora\u015ful Baia Sprie. Din fericire, to\u0163i ocupan\u0163ii ma\u015fini au reu\u015fit s\u0103 se salveze la timp, \u00eens\u0103 au ajuns la spital pentru investiga\u0163ii. Conduc\u0103torul auto a fost testat cu aparatul etilotest, rezultatul fiind negativ.<\/p>\n\n\n\n<h2 class=\"wp-block-heading\">Harta punctelor negre de pe drumurile din \u0163ar\u0103<\/h2>\n\n\n\n<p>August, luna concediilor, e \u015fi&nbsp;<a href=\"https:\/\/observatornews.ro\/eveniment\/harta-punctelor-negre-de-pe-drumurile-din-tara-unde-accidentele-se-tin-lant-statisticile-sunt-sumbre-588875.html\" target=\"_blank\" rel=\"noreferrer noopener\">cea mai neagr\u0103 din an pe \u015foselele \u0163\u0103rii<\/a>. Ner\u0103bd\u0103tori s\u0103 ajung\u0103 mai repede la destina\u0163ie \u015fi obosi\u0163i, \u015foferii fac manevre riscante.&nbsp;Statisticile sunt sumbre. Din cele&nbsp;4.500 de accidente rutiere&nbsp;grave \u00eenregistrate anul trecut, aproape 500 s-au petrecut \u00een ultima lun\u0103 de var\u0103. Cele mai multe au fost pe DN1, DN2, DN6 \u015fi DN7.&nbsp;Pe Drumul Na\u0163ional 2,&nbsp;<a href=\"https:\/\/observatornews.ro\/eveniment\/11-persoane-printre-care-sase-copii-au-fost-ranite-dupa-un-impact-violent-intre-trei-masini-pe-drumul-mortii-e85-in-suceava-a-fost-activat-planul-rosu-588722.html\" target=\"_blank\" rel=\"noreferrer noopener\">cunoscut \u015fi ca Drumul Mor\u0163ii<\/a>, au pierit cele mai multe persoane.<\/p>\n\n\n\n<p>Cel mai grav accident de anul trecut a avut loc \u00een luna august, \u00een sta\u0163iunea 2 Mai, c\u00e2nd Vlad Pascu, beat \u015fi drogat, a intrat cu ma\u015fina \u00eentr-un grup de opt tineri \u015fi i-a omor\u00e2t pe doi dintre ei. \u00cen urm\u0103&nbsp;cu dou\u0103&nbsp;zile,&nbsp;<a href=\"https:\/\/observatornews.ro\/eveniment\/animatie-inca-2-cruci-pe-drumul-mortii-erorile-care-au-dus-la-moartea-unui-cuplu-pe-e85-588672.html\" target=\"_blank\" rel=\"noreferrer noopener\">Alin \u0219i Alexandra, doi tineri proasp\u0103t c\u0103s\u0103tori\u021bi, au murit \u00eentr-un accident rutier<\/a>&nbsp;chiar pe E85 sau &#8220;Drumul Mor\u0163ii&#8221;, E 85.&nbsp;<\/p>\n\n\n\n<p>Sursa:observatornews<\/p>\n","protected":false},"excerpt":{"rendered":"<p>Trei persoane au fost la un pas de tragedie, dup\u0103 ce \u015foferul ma\u015finii \u00een care se aflau a pierdut controlul<\/p>\n","protected":false},"author":1,"featured_media":113174,"comment_status":"open","ping_status":"closed","sticky":false,"template":"","format":"standard","meta":{"spay_email":"","footnotes":"","jetpack_publicize_message":""},"categories":[1],"tags":[],"class_list":["post-114276","post","type-post","status-publish","format-standard","has-post-thumbnail","hentry","category-uncategorized"],"jetpack_featured_media_url":"https:\/\/i0.wp.com\/realitatearutiera.ro\/wp-content\/uploads\/2024\/07\/semn-accident-850x560-1.jpg?fit=850%2C560&ssl=1","jetpack_publicize_connections":[],"jetpack_sharing_enabled":true,"jetpack_shortlink":"https:\/\/wp.me\/p61naM-tJa","jetpack-related-posts":[],"_links":{"self":[{"href":"https:\/\/realitatearutiera.ro\/index.php?rest_route=\/wp\/v2\/posts\/114276","targetHints":{"allow":["GET"]}}],"collection":[{"href":"https:\/\/realitatearutiera.ro\/index.php?rest_route=\/wp\/v2\/posts"}],"about":[{"href":"https:\/\/realitatearutiera.ro\/index.php?rest_route=\/wp\/v2\/types\/post"}],"author":[{"embeddable":true,"href":"https:\/\/realitatearutiera.ro\/index.php?rest_route=\/wp\/v2\/users\/1"}],"replies":[{"embeddable":true,"href":"https:\/\/realitatearutiera.ro\/index.php?rest_route=%2Fwp%2Fv2%2Fcomments&post=114276"}],"version-history":[{"count":1,"href":"https:\/\/realitatearutiera.ro\/index.php?rest_route=\/wp\/v2\/posts\/114276\/revisions"}],"predecessor-version":[{"id":114277,"href":"https:\/\/realitatearutiera.ro\/index.php?rest_route=\/wp\/v2\/posts\/114276\/revisions\/114277"}],"wp:featuredmedia":[{"embeddable":true,"href":"https:\/\/realitatearutiera.ro\/index.php?rest_route=\/wp\/v2\/media\/113174"}],"wp:attachment":[{"href":"https:\/\/realitatearutiera.ro\/index.php?rest_route=%2Fwp%2Fv2%2Fmedia&parent=114276"}],"wp:term":[{"taxonomy":"category","embeddable":true,"href":"https:\/\/realitatearutiera.ro\/index.php?rest_route=%2Fwp%2Fv2%2Fcategories&post=114276"},{"taxonomy":"post_tag","embeddable":true,"href":"https:\/\/realitatearutiera.ro\/index.php?rest_route=%2Fwp%2Fv2%2Ftags&post=114276"}],"curies":[{"name":"wp","href":"https:\/\/api.w.org\/{rel}","templated":true}]}}