{"id":114438,"date":"2024-08-09T10:54:30","date_gmt":"2024-08-09T07:54:30","guid":{"rendered":"https:\/\/realitatearutiera.ro\/?p=114438"},"modified":"2024-08-09T10:54:31","modified_gmt":"2024-08-09T07:54:31","slug":"sibiu-un-sofer-neatent-a-lovit-un-autoturism-mai-multe-victime-au-ajuns-la-spital","status":"publish","type":"post","link":"https:\/\/realitatearutiera.ro\/?p=114438","title":{"rendered":"Sibiu: Un \u0219ofer neatent a lovit un autoturism. Mai multe victime au ajuns la spital"},"content":{"rendered":"\n<p>Patru tineri au fost r\u0103ni\u021bi dup\u0103 ce autoturismul \u00een care se aflau a fost lovit, vineri diminea\u021b\u0103, de o dubi\u021b\u0103 condus\u0103 de un b\u0103rbat de 64 de ani, care a intrat pe drumul na\u021bional f\u0103r\u0103 s\u0103 acorde prioritate.<a href=\"https:\/\/observatornews.ro\/autori\/redactia-observator-id29.html\"><\/a><\/p>\n\n\n\n<figure class=\"wp-block-image\"><img decoding=\"async\" src=\"https:\/\/i1.wp.com\/img.observatornews.ro\/0\/2024\/8\/9\/589233\/accident-sibiu-0e1451a3.jpg?w=800&#038;ssl=1\" alt=\"\" data-recalc-dims=\"1\"\/><\/figure>\n\n\n\n<p>&#8211; SAJ Sibiu<\/p>\n\n\n\n<p><em>\u201ePoli\u021bi\u0219tii rutieri intervin la un accident produs pe DN 1, la km. 304, \u0218elimb\u0103r (zona Extaz). \u00cen timp ce conducea o autoutilitar\u0103 pe un drum secundar, un b\u0103rbat \u00een v\u00e2rst\u0103 de 64 de ani, din Sibiu, a p\u0103truns \u00een drumul na\u021bional f\u0103r\u0103 s\u0103 acorde prioritate \u0219i a intrat \u00een coliziune cu un autoturism condus dinspre Ve\u0219tem spre Sibiu de c\u0103tre un b\u0103rbat \u00een v\u00e2rst\u0103 de 26 de ani, din jude\u021bul Gorj. \u00cen urma coliziunii a rezultat v\u0103t\u0103marea corporal\u0103 a tuturor celor 4 ocupan\u021bi ai autoturismului, conduc\u0103torul auto \u0219i cei trei pasageri, b\u0103rba\u021bi \u00een v\u00e2rst\u0103 de 21, 25, respectiv 31 de ani, din Avrig, ace\u0219tia fiind transporta\u021bi la spital con\u0219tien\u021bi\u201d<\/em>, anun\u021b\u0103&nbsp;<strong>IPJ Sibiu.<\/strong><\/p>\n\n\n\n<p>Poli\u021bi\u0219tii precizeaz\u0103 c\u0103 \u00een zon\u0103 se circul\u0103 \u00eengreunat.<\/p>\n\n\n\n<p>Ambulan\u021ba Sibiu men\u021bioneaz\u0103 c\u0103 a intervenit cu trei echipaje.<\/p>\n\n\n\n<p><em>\u201eEchipajele SAJ au acordat asisten\u021b\u0103 medical\u0103 la trei dintre victime dup\u0103 cum urmeaz\u0103: b\u0103rbat 31 ani, tcc,traumatism genunchi dr, b\u0103rbat 21 ani, traumatism cranio-facial, b\u0103rbat 25 de ani, traumatism genunchi. To\u021bi au fost transporta\u021bi la UPU Sibiu \u00een stare stabil\u0103. O alt\u0103 victim\u0103 a fost transportat\u0103 la UPU Sibiu de c\u0103tre echipajul ISU\u201d<\/em>, arat\u0103&nbsp;<strong>SAJ Sibiu.<\/strong><\/p>\n\n\n\n<p>Sursa:observatornews<\/p>\n","protected":false},"excerpt":{"rendered":"<p>Patru tineri au fost r\u0103ni\u021bi dup\u0103 ce autoturismul \u00een care se aflau a fost lovit, vineri diminea\u021b\u0103, de o dubi\u021b\u0103<\/p>\n","protected":false},"author":1,"featured_media":113174,"comment_status":"open","ping_status":"closed","sticky":false,"template":"","format":"standard","meta":{"spay_email":"","footnotes":"","jetpack_publicize_message":""},"categories":[1],"tags":[],"class_list":["post-114438","post","type-post","status-publish","format-standard","has-post-thumbnail","hentry","category-uncategorized"],"jetpack_featured_media_url":"https:\/\/i0.wp.com\/realitatearutiera.ro\/wp-content\/uploads\/2024\/07\/semn-accident-850x560-1.jpg?fit=850%2C560&ssl=1","jetpack_publicize_connections":[],"jetpack_sharing_enabled":true,"jetpack_shortlink":"https:\/\/wp.me\/p61naM-tLM","jetpack-related-posts":[],"_links":{"self":[{"href":"https:\/\/realitatearutiera.ro\/index.php?rest_route=\/wp\/v2\/posts\/114438","targetHints":{"allow":["GET"]}}],"collection":[{"href":"https:\/\/realitatearutiera.ro\/index.php?rest_route=\/wp\/v2\/posts"}],"about":[{"href":"https:\/\/realitatearutiera.ro\/index.php?rest_route=\/wp\/v2\/types\/post"}],"author":[{"embeddable":true,"href":"https:\/\/realitatearutiera.ro\/index.php?rest_route=\/wp\/v2\/users\/1"}],"replies":[{"embeddable":true,"href":"https:\/\/realitatearutiera.ro\/index.php?rest_route=%2Fwp%2Fv2%2Fcomments&post=114438"}],"version-history":[{"count":1,"href":"https:\/\/realitatearutiera.ro\/index.php?rest_route=\/wp\/v2\/posts\/114438\/revisions"}],"predecessor-version":[{"id":114439,"href":"https:\/\/realitatearutiera.ro\/index.php?rest_route=\/wp\/v2\/posts\/114438\/revisions\/114439"}],"wp:featuredmedia":[{"embeddable":true,"href":"https:\/\/realitatearutiera.ro\/index.php?rest_route=\/wp\/v2\/media\/113174"}],"wp:attachment":[{"href":"https:\/\/realitatearutiera.ro\/index.php?rest_route=%2Fwp%2Fv2%2Fmedia&parent=114438"}],"wp:term":[{"taxonomy":"category","embeddable":true,"href":"https:\/\/realitatearutiera.ro\/index.php?rest_route=%2Fwp%2Fv2%2Fcategories&post=114438"},{"taxonomy":"post_tag","embeddable":true,"href":"https:\/\/realitatearutiera.ro\/index.php?rest_route=%2Fwp%2Fv2%2Ftags&post=114438"}],"curies":[{"name":"wp","href":"https:\/\/api.w.org\/{rel}","templated":true}]}}