{"id":115212,"date":"2024-08-28T11:08:34","date_gmt":"2024-08-28T08:08:34","guid":{"rendered":"https:\/\/realitatearutiera.ro\/?p=115212"},"modified":"2024-08-28T11:08:36","modified_gmt":"2024-08-28T08:08:36","slug":"cod-galben-de-ploi-si-instabilitate-atmosferica","status":"publish","type":"post","link":"https:\/\/realitatearutiera.ro\/?p=115212","title":{"rendered":"Cod galben de ploi \u015fi instabilitate atmosferic\u0103"},"content":{"rendered":"\n<p>Administra\u0163ia Na\u0163ional\u0103 de Meteorologie (ANM) a emis, miercuri, o aten\u0163ionare Cod galben de ploi \u00eensemnate cantitativ \u015fi instabilitate atmosferic\u0103, valabil\u0103 p\u00e2n\u0103 joi diminea\u0163a \u00een cinci jude\u0163e din Dobrogea \u015fi estul Munteniei.<\/p>\n\n\n\n<p>Conform prognozei de specialitate, \u00een intervalul 28 august, ora 10:00 &#8211; 29 august, ora 10:00, \u00een jude\u0163ele Tulcea, Constan\u0163a, Br\u0103ila \u015fi par\u0163ial \u00een Ialomi\u0163a \u015fi C\u0103l\u0103ra\u015fi, vor fi averse, intensific\u0103ri de scurt\u0103 durat\u0103 ale v\u00e2ntului (cu viteze, \u00een general, de 45 &#8211; 55 km\/h) \u015fi trec\u0103tor desc\u0103rc\u0103ri electrice.<\/p>\n\n\n\n<p><img decoding=\"async\" src=\"https:\/\/i2.wp.com\/image.stirileprotv.ro\/media\/images\/680xX\/Aug2024\/62478392.jpg?w=800&#038;ssl=1\" class=\"\" alt=\"\" data-recalc-dims=\"1\"><\/p>\n\n\n\n<p>ANM<\/p>\n\n\n\n<p>Prin acumulare, cantit\u0103\u0163ile de ap\u0103 vor dep\u0103\u015fi 15 &#8211; 25 l\/mp \u015fi, izolat, 30 &#8211; 40 l\/mp.<\/p>\n\n\n\n<p>Meteorologii precizeaz\u0103 c\u0103 fenomene de instabilitate atmosferic\u0103 se vor \u00eenregistra pe alocuri \u015fi \u00een celelalte zone.<\/p>\n\n\n\n<p>Pentru zona municipiului Bucure\u015fti, \u00een urm\u0103toarele zile, vremea se anun\u0163\u0103 instabil\u0103, cu cer \u00eennorat, averse temporare \u015fi, posibil, desc\u0103rc\u0103ri electrice.<\/p>\n\n\n\n<p>V\u00e2ntul va sufla slab \u015fi moderat, iar temperatura maxim\u0103, apropiat\u0103 de cea normal\u0103 la aceast\u0103 dat\u0103, se va situa \u00een jurul valorii de 28 de grade. Temperatura minim\u0103 va fi \u00eentre 17 \u015fi 19 grade.<\/p>\n\n\n\n<p>Sursa\/foto:stirileprotv<\/p>\n","protected":false},"excerpt":{"rendered":"<p>Administra\u0163ia Na\u0163ional\u0103 de Meteorologie (ANM) a emis, miercuri, o aten\u0163ionare Cod galben de ploi \u00eensemnate cantitativ \u015fi instabilitate atmosferic\u0103, valabil\u0103<\/p>\n","protected":false},"author":1,"featured_media":115213,"comment_status":"open","ping_status":"closed","sticky":false,"template":"","format":"standard","meta":{"spay_email":"","footnotes":"","jetpack_publicize_message":""},"categories":[6],"tags":[],"class_list":["post-115212","post","type-post","status-publish","format-standard","has-post-thumbnail","hentry","category-social"],"jetpack_featured_media_url":"https:\/\/i2.wp.com\/realitatearutiera.ro\/wp-content\/uploads\/2024\/08\/62475241.jpg?fit=1920%2C1080&ssl=1","jetpack_publicize_connections":[],"jetpack_sharing_enabled":true,"jetpack_shortlink":"https:\/\/wp.me\/p61naM-tYg","jetpack-related-posts":[],"_links":{"self":[{"href":"https:\/\/realitatearutiera.ro\/index.php?rest_route=\/wp\/v2\/posts\/115212","targetHints":{"allow":["GET"]}}],"collection":[{"href":"https:\/\/realitatearutiera.ro\/index.php?rest_route=\/wp\/v2\/posts"}],"about":[{"href":"https:\/\/realitatearutiera.ro\/index.php?rest_route=\/wp\/v2\/types\/post"}],"author":[{"embeddable":true,"href":"https:\/\/realitatearutiera.ro\/index.php?rest_route=\/wp\/v2\/users\/1"}],"replies":[{"embeddable":true,"href":"https:\/\/realitatearutiera.ro\/index.php?rest_route=%2Fwp%2Fv2%2Fcomments&post=115212"}],"version-history":[{"count":1,"href":"https:\/\/realitatearutiera.ro\/index.php?rest_route=\/wp\/v2\/posts\/115212\/revisions"}],"predecessor-version":[{"id":115214,"href":"https:\/\/realitatearutiera.ro\/index.php?rest_route=\/wp\/v2\/posts\/115212\/revisions\/115214"}],"wp:featuredmedia":[{"embeddable":true,"href":"https:\/\/realitatearutiera.ro\/index.php?rest_route=\/wp\/v2\/media\/115213"}],"wp:attachment":[{"href":"https:\/\/realitatearutiera.ro\/index.php?rest_route=%2Fwp%2Fv2%2Fmedia&parent=115212"}],"wp:term":[{"taxonomy":"category","embeddable":true,"href":"https:\/\/realitatearutiera.ro\/index.php?rest_route=%2Fwp%2Fv2%2Fcategories&post=115212"},{"taxonomy":"post_tag","embeddable":true,"href":"https:\/\/realitatearutiera.ro\/index.php?rest_route=%2Fwp%2Fv2%2Ftags&post=115212"}],"curies":[{"name":"wp","href":"https:\/\/api.w.org\/{rel}","templated":true}]}}