{"id":115257,"date":"2024-08-29T10:16:44","date_gmt":"2024-08-29T07:16:44","guid":{"rendered":"https:\/\/realitatearutiera.ro\/?p=115257"},"modified":"2024-08-29T10:17:59","modified_gmt":"2024-08-29T07:17:59","slug":"accident-grav-in-comuna-focuri-judetul-iasi","status":"publish","type":"post","link":"https:\/\/realitatearutiera.ro\/?p=115257","title":{"rendered":"Accident grav \u00een comuna Focuri, jude\u021bul Ia\u0219i"},"content":{"rendered":"\n<p>Un accident rutier a avut loc \u00een aceast\u0103 diminea\u021b\u0103, \u00een comuna Focuri, jude\u021bul Ia\u0219i, dup\u0103 ce un autoturism s-a r\u0103sturnat \u00een afara carosabilului.<\/p>\n\n\n\n<p>Trei victime au fost ini\u021bial \u00eencarcerate \u0219i incon\u0219tiente. La fa\u021ba locului au intervenit un echipaj de terapie intensiv\u0103 mobil\u0103 (TIM), precum \u0219i echipajele Serviciului de Ambulan\u021b\u0103 Jude\u021bean (SAJ) tip B2 \u0219i C. La sosirea echipajelor, pacien\u021bii erau deja evacua\u021bi \u0219i con\u0219tien\u021bi.<\/p>\n\n\n\n<p>\u0218oferul, o femeie de 55 de ani, a suferit un traumatism cranio-cerebral minor. Ea a fost preluat\u0103 de echipajul SAJ tip B \u0219i transportat\u0103 la Unitatea de Primiri Urgen\u021be a Spitalului Clinic de Neurochirurgie \u201eProf. Dr. Nicolae Oblu\u201d din Ia\u0219i.<\/p>\n\n\n\n<p>Pasagerul din dreapta fa\u021b\u0103, o femeie de 65 de ani, a suferit un traumatism cranio-cerebral cu pierdere de cuno\u0219tin\u021b\u0103, contuzie toraco-abdominal\u0103 \u0219i traumatisme la ambele membre superioare. Ea a fost preluat\u0103 de echipajul TIM \u0219i transportat\u0103 la Unitatea de Primiri Urgen\u021be a Spitalului Clinic \u201eSf. Spiridon\u201d.<\/p>\n\n\n\n<p>Pasagerul din st\u00e2nga spate, un b\u0103rbat de 64 de ani, a suferit un traumatism cranio-cerebral cu pierdere de cuno\u0219tin\u021b\u0103 \u0219i o contuzie toraco-abdominal\u0103. A fost preluat de echipajul SAJ tip C.<\/p>\n\n\n\n<p>Sursa:ziaruldeiasi<\/p>\n","protected":false},"excerpt":{"rendered":"<p>Un accident rutier a avut loc \u00een aceast\u0103 diminea\u021b\u0103, \u00een comuna Focuri, jude\u021bul Ia\u0219i, dup\u0103 ce un autoturism s-a r\u0103sturnat<\/p>\n","protected":false},"author":1,"featured_media":96612,"comment_status":"open","ping_status":"closed","sticky":false,"template":"","format":"standard","meta":{"spay_email":"","footnotes":"","jetpack_publicize_message":""},"categories":[1],"tags":[],"class_list":["post-115257","post","type-post","status-publish","format-standard","has-post-thumbnail","hentry","category-uncategorized"],"jetpack_featured_media_url":"https:\/\/i1.wp.com\/realitatearutiera.ro\/wp-content\/uploads\/2023\/03\/accident_2777d40c6e.jpg?fit=1920%2C1080&ssl=1","jetpack_publicize_connections":[],"jetpack_sharing_enabled":true,"jetpack_shortlink":"https:\/\/wp.me\/p61naM-tYZ","jetpack-related-posts":[],"_links":{"self":[{"href":"https:\/\/realitatearutiera.ro\/index.php?rest_route=\/wp\/v2\/posts\/115257","targetHints":{"allow":["GET"]}}],"collection":[{"href":"https:\/\/realitatearutiera.ro\/index.php?rest_route=\/wp\/v2\/posts"}],"about":[{"href":"https:\/\/realitatearutiera.ro\/index.php?rest_route=\/wp\/v2\/types\/post"}],"author":[{"embeddable":true,"href":"https:\/\/realitatearutiera.ro\/index.php?rest_route=\/wp\/v2\/users\/1"}],"replies":[{"embeddable":true,"href":"https:\/\/realitatearutiera.ro\/index.php?rest_route=%2Fwp%2Fv2%2Fcomments&post=115257"}],"version-history":[{"count":2,"href":"https:\/\/realitatearutiera.ro\/index.php?rest_route=\/wp\/v2\/posts\/115257\/revisions"}],"predecessor-version":[{"id":115259,"href":"https:\/\/realitatearutiera.ro\/index.php?rest_route=\/wp\/v2\/posts\/115257\/revisions\/115259"}],"wp:featuredmedia":[{"embeddable":true,"href":"https:\/\/realitatearutiera.ro\/index.php?rest_route=\/wp\/v2\/media\/96612"}],"wp:attachment":[{"href":"https:\/\/realitatearutiera.ro\/index.php?rest_route=%2Fwp%2Fv2%2Fmedia&parent=115257"}],"wp:term":[{"taxonomy":"category","embeddable":true,"href":"https:\/\/realitatearutiera.ro\/index.php?rest_route=%2Fwp%2Fv2%2Fcategories&post=115257"},{"taxonomy":"post_tag","embeddable":true,"href":"https:\/\/realitatearutiera.ro\/index.php?rest_route=%2Fwp%2Fv2%2Ftags&post=115257"}],"curies":[{"name":"wp","href":"https:\/\/api.w.org\/{rel}","templated":true}]}}