{"id":115313,"date":"2024-08-30T09:20:02","date_gmt":"2024-08-30T06:20:02","guid":{"rendered":"https:\/\/realitatearutiera.ro\/?p=115313"},"modified":"2024-08-30T09:20:03","modified_gmt":"2024-08-30T06:20:03","slug":"restrictii-de-circulatie-de-raliul-iasului-2","status":"publish","type":"post","link":"https:\/\/realitatearutiera.ro\/?p=115313","title":{"rendered":"Restric\u021bii de circula\u021bie de Raliul Ia\u0219ului"},"content":{"rendered":"\n<p>Raliul Ia\u0219ului va determina \u0219i la edi\u021bia din acest an o serie de restric\u021bii de circula\u021bie \u00een centrul ora\u0219ului. Competi\u021bia va avea loc \u00een weekend, iar m\u0103surile organizatorice au \u00eenceput s\u0103 fie implementate de ieri.<\/p>\n\n\n\n<p>Parcul securizat este amplasat pe str. I.C. Br\u0103tianu, arter\u0103 care a fost \u00eenchis\u0103 circula\u021biei pe tronsonul cuprins de la intersec\u021bia cu str. Agatha B\u00e2rsescu \u0219i p\u00e2n\u0103 la bd. \u0218tefan cel Mare. De asemenea, ma\u0219inile vor sta\u021biona \u0219i \u00een zona pietonal\u0103 din fa\u021ba sediului Prim\u0103riei. \u00cen fa\u021ba Palatului Culturii, p\u00e2n\u0103 pe 1 septembrie, au fost instituite restric\u021bii pentru amplasarea parcului service \u0219i a unei scene pentru festivit\u0103\u021bi.<\/p>\n\n\n\n<p>\u00cen seara zilei de joi, vor \u00eencepe amenaj\u0103rile pentru organizarea probei speciale de la R\u00e2pa Galben\u0103, curs\u0103 care va avea loc vineri, 30 august. Astfel, circula\u021bia va fi \u00eenchis\u0103 \u00een urm\u0103toarele zone: str. P\u0103curari (sector de drum cuprins \u00eentre str. Anastasie F\u0103tu \u0219i pasaj Mihai Eminescu, str. Anastasie F\u0103tu, str. Gh. Lasc\u0103r, str. R\u00e2pa Galben\u0103, str. G\u0103rii (sector cuprinde \u00eentre str. R\u00e2pa Galben\u0103 \u0219i str. Arcu), pasajul Mihai Eminescu \u0219i bd. Independen\u021bei (sector cuprins \u00eentre str. Nicolae B\u0103lcescu \u0219i Pia\u021ba Mihai Eminescu).<\/p>\n\n\n\n<p>Startul festiv al Raliului Ia\u0219ului va avea loc vineri sear\u0103, \u00een fa\u021ba Palatului Culturii, prezentarea echipajelor urm\u00e2nd a fi f\u0103cut\u0103 \u00eencep\u00e2nd cu ora 18:15, \u00een timp ce, la ora 21:00, este programat\u0103 proba special\u0103 de la R\u00e2pa Galben\u0103. Tot vineri (ora 11:30) va avea loc proba de la B\u00e2rnova. Raliul continu\u0103 s\u00e2mb\u0103t\u0103 cu probleme de la Cioca Boca (10:48 \u0219i 15:34) \u0219i M\u0103d\u00e2rjac (12:01 \u0219i 16:47), iar, duminic\u0103, cu dou\u0103 treceri de prob\u0103 \u00eentre Dobrov\u0103\u021b \u0219i Ciurea. Festivitatea de premiere va avea loc tot duminic\u0103, la ora 17:30.<\/p>\n\n\n\n<figure class=\"wp-block-image\"><img decoding=\"async\" src=\"https:\/\/i2.wp.com\/media.ziaruldeiasi.ro\/2024\/08\/harta-raliul-iasului1.jpg?w=800&#038;ssl=1\" alt=\"\" class=\"wp-image-1671068\" data-recalc-dims=\"1\"\/><\/figure>\n\n\n\n<p>\u201eMarea noutate a acestui an, prin care vrem s\u0103 marc\u0103m edi\u021bia aniversar\u0103, este proba de noapte Resonance, programat\u0103 la finalul zilei de s\u00e2mb\u0103t\u0103, dup\u0103 c\u00e2te dou\u0103 treceri pe Cioca Boca \u0219i M\u0103d\u00e2rjac. La \u00eenceputul \u0219i la finalul probei am preg\u0103tit locuri foarte bune pentru spectatori, cu tot ce au nevoie pentru o sear\u0103 de neuitat, inclusiv foc de tab\u0103r\u0103 care s\u0103 condimenteze spectacolul oferit de echipaje\u201d, a declarat managerul Raliului Ia\u0219ului Dan Codreanu, citat \u00eentr-un comunicat al organizatorilor publicat pe site-ul competi\u021biei.<\/p>\n\n\n\n<p>Sursa:ziaruldeiasi<\/p>\n","protected":false},"excerpt":{"rendered":"<p>Raliul Ia\u0219ului va determina \u0219i la edi\u021bia din acest an o serie de restric\u021bii de circula\u021bie \u00een centrul ora\u0219ului. Competi\u021bia<\/p>\n","protected":false},"author":1,"featured_media":96229,"comment_status":"open","ping_status":"closed","sticky":false,"template":"","format":"standard","meta":{"spay_email":"","footnotes":"","jetpack_publicize_message":""},"categories":[6],"tags":[],"class_list":["post-115313","post","type-post","status-publish","format-standard","has-post-thumbnail","hentry","category-social"],"jetpack_featured_media_url":"https:\/\/i0.wp.com\/realitatearutiera.ro\/wp-content\/uploads\/2023\/03\/restrictii.jpg?fit=900%2C500&ssl=1","jetpack_publicize_connections":[],"jetpack_sharing_enabled":true,"jetpack_shortlink":"https:\/\/wp.me\/p61naM-tZT","jetpack-related-posts":[],"_links":{"self":[{"href":"https:\/\/realitatearutiera.ro\/index.php?rest_route=\/wp\/v2\/posts\/115313","targetHints":{"allow":["GET"]}}],"collection":[{"href":"https:\/\/realitatearutiera.ro\/index.php?rest_route=\/wp\/v2\/posts"}],"about":[{"href":"https:\/\/realitatearutiera.ro\/index.php?rest_route=\/wp\/v2\/types\/post"}],"author":[{"embeddable":true,"href":"https:\/\/realitatearutiera.ro\/index.php?rest_route=\/wp\/v2\/users\/1"}],"replies":[{"embeddable":true,"href":"https:\/\/realitatearutiera.ro\/index.php?rest_route=%2Fwp%2Fv2%2Fcomments&post=115313"}],"version-history":[{"count":1,"href":"https:\/\/realitatearutiera.ro\/index.php?rest_route=\/wp\/v2\/posts\/115313\/revisions"}],"predecessor-version":[{"id":115314,"href":"https:\/\/realitatearutiera.ro\/index.php?rest_route=\/wp\/v2\/posts\/115313\/revisions\/115314"}],"wp:featuredmedia":[{"embeddable":true,"href":"https:\/\/realitatearutiera.ro\/index.php?rest_route=\/wp\/v2\/media\/96229"}],"wp:attachment":[{"href":"https:\/\/realitatearutiera.ro\/index.php?rest_route=%2Fwp%2Fv2%2Fmedia&parent=115313"}],"wp:term":[{"taxonomy":"category","embeddable":true,"href":"https:\/\/realitatearutiera.ro\/index.php?rest_route=%2Fwp%2Fv2%2Fcategories&post=115313"},{"taxonomy":"post_tag","embeddable":true,"href":"https:\/\/realitatearutiera.ro\/index.php?rest_route=%2Fwp%2Fv2%2Ftags&post=115313"}],"curies":[{"name":"wp","href":"https:\/\/api.w.org\/{rel}","templated":true}]}}