{"id":115323,"date":"2024-08-30T10:26:20","date_gmt":"2024-08-30T07:26:20","guid":{"rendered":"https:\/\/realitatearutiera.ro\/?p=115323"},"modified":"2024-08-30T10:26:22","modified_gmt":"2024-08-30T07:26:22","slug":"vremea-2-30-septembrie-2024-nou-val-de-caldura-la-inceput-de-toamna","status":"publish","type":"post","link":"https:\/\/realitatearutiera.ro\/?p=115323","title":{"rendered":"Vremea 2 &#8211; 30 septembrie 2024. Nou val de c\u0103ldur\u0103 la \u00eenceput de toamn\u0103"},"content":{"rendered":"\n<p>Administra\u0163ia Na\u021bional\u0103 de Meteorologie a emis vineri, 30 august, prognoza meteo pentru urm\u0103toarele patru s\u0103pt\u0103m\u00e2ni, intervalul 2 &#8211; 30 septembrie 2024. Potrivit speciali\u0219tilor, \u00een prima lun\u0103 de toamn\u0103 se vor \u00eenregistra temperaturi mai ridicate dec\u00e2t cele normale.<a href=\"https:\/\/observatornews.ro\/autori\/redactia-observator-id29.html\"><\/a><\/p>\n\n\n\n<figure class=\"wp-block-image is-resized\"><img decoding=\"async\" src=\"https:\/\/i2.wp.com\/img.observatornews.ro\/0\/2024\/8\/30\/591619\/prognoza-meteo-septembrie-2024-d1357228.jpeg?w=800&#038;ssl=1\" alt=\"\" style=\"width:504px;height:auto\" data-recalc-dims=\"1\"\/><\/figure>\n\n\n\n<p>Vremea 2 &#8211; 30 septembrie 2024. Nou val de c\u0103ldur\u0103 la \u00eenceput de toamn\u0103. ANM anun\u021b\u0103 temperaturi de peste 35 de grade &#8211; Observator<\/p>\n\n\n\n<p>Administra\u0163ia Na\u0163ional\u0103 de Meteorologie a emis vineri, 30 august,&nbsp;<a href=\"https:\/\/www.meteoromania.ro\/avertizari-nowcasting\/\" target=\"_blank\" rel=\"noreferrer noopener\">prognoza meteo<\/a>&nbsp;pentru urm\u0103toarele patru s\u0103pt\u0103m\u00e2ni, intervalul 2 &#8211; 30 septembrie 2024.<\/p>\n\n\n\n<p><em>&#8220;Pe parcursul s\u0103pt\u0103m\u00e2nii viitoare, vremea va fi c\u00e3lduroas\u00e3 \u00een majoritatea zonelor din \u021bar\u0103. Cele mai ridicate valori termice sunt prognozate \u00een vest \u015fi sud-vest, unde va fi canicul\u0103 \u0219i disconfort termic ridicat. Cerul va fi variabil, cu \u00eennor\u00e3ri temporare \u0219i averse \u00een regiunile montane. Temperaturile maxime vor fi cuprinse \u00een general \u00eentre 29 \u015fi 36 de grade, caracteriz\u00e2nd un regim termic peste normalul perioadei&#8221;<\/em>, spun speciali\u0219tii de la ANM.<\/p>\n\n\n\n<h2 class=\"wp-block-heading\">Prognoza meteo 2 &#8211; 9 septembrie 2024<\/h2>\n\n\n\n<p>mediile valorilor termice se vor situa peste cele specifice acestei s\u0103pt\u0103m\u00e2ni \u00een toate regiunile, dar mai ales \u00een cele vestice. Regimul pluviometric va fi deficitar \u00een toat\u0103 \u021bara, \u00eendeosebi \u00een regiunile vestice, nordice \u0219i centrale.<\/p>\n\n\n\n<h2 class=\"wp-block-heading\">Vremea&nbsp;9 \u2013 16 septembrie 2024<\/h2>\n\n\n\n<p>Temperatura medie a aerului va avea valori mai ridicate dec\u00e2t cele normale pentru aceast\u0103 perioad\u0103 la nivelul \u00eentregii \u021b\u0103ri. Cantit\u0103\u021bile de precipita\u021bii se vor situa peste normele climatologice specifice perioadei \u00een cea mai mare parte a \u021b\u0103rii, cu prec\u0103dere \u00een regiunile vestice.<\/p>\n\n\n\n<h2 class=\"wp-block-heading\">Prognoza meteo&nbsp;16 \u2013 23 septembrie 2024<\/h2>\n\n\n\n<p>Mediile valorilor termice se vor situa peste cele specifice pentru acest interval \u00een toate regiunile. Cantit\u0103\u021bile de precipita\u021bii vor fi \u00een general apropiate de cele specifice pentru aceast\u0103 perioad\u0103 \u00een regiunile sudice, \u00een timp ce \u00een restul teritoriului se vor situa u\u0219or peste mediile climatologice.<\/p>\n\n\n\n<h2 class=\"wp-block-heading\">Vremea&nbsp;23 \u2013 30 septembrie 2024<\/h2>\n\n\n\n<p>Temperatura medie a aerului va avea valori mai ridicate dec\u00e2t cele normale pentru ultima s\u0103pt\u0103m\u00e2n\u0103 a lunii septembrie \u00een majoritatea regiunilor. Cantit\u0103\u021bile de precipita\u021bii vor fi \u00een general apropiate de cele normale pentru aceast\u0103 perioad\u0103 \u00een toat\u0103 \u021bara, au precizat meteorologii.<\/p>\n\n\n\n<p>Sursa:observatornews<\/p>\n","protected":false},"excerpt":{"rendered":"<p>Administra\u0163ia Na\u021bional\u0103 de Meteorologie a emis vineri, 30 august, prognoza meteo pentru urm\u0103toarele patru s\u0103pt\u0103m\u00e2ni, intervalul 2 &#8211; 30 septembrie<\/p>\n","protected":false},"author":1,"featured_media":95784,"comment_status":"open","ping_status":"closed","sticky":false,"template":"","format":"standard","meta":{"spay_email":"","footnotes":"","jetpack_publicize_message":""},"categories":[6],"tags":[],"class_list":["post-115323","post","type-post","status-publish","format-standard","has-post-thumbnail","hentry","category-social"],"jetpack_featured_media_url":"https:\/\/realitatearutiera.ro\/wp-content\/uploads\/2023\/02\/meteo-vremea-1-1024x379-1.webp","jetpack_publicize_connections":[],"jetpack_sharing_enabled":true,"jetpack_shortlink":"https:\/\/wp.me\/p61naM-u03","jetpack-related-posts":[],"_links":{"self":[{"href":"https:\/\/realitatearutiera.ro\/index.php?rest_route=\/wp\/v2\/posts\/115323","targetHints":{"allow":["GET"]}}],"collection":[{"href":"https:\/\/realitatearutiera.ro\/index.php?rest_route=\/wp\/v2\/posts"}],"about":[{"href":"https:\/\/realitatearutiera.ro\/index.php?rest_route=\/wp\/v2\/types\/post"}],"author":[{"embeddable":true,"href":"https:\/\/realitatearutiera.ro\/index.php?rest_route=\/wp\/v2\/users\/1"}],"replies":[{"embeddable":true,"href":"https:\/\/realitatearutiera.ro\/index.php?rest_route=%2Fwp%2Fv2%2Fcomments&post=115323"}],"version-history":[{"count":1,"href":"https:\/\/realitatearutiera.ro\/index.php?rest_route=\/wp\/v2\/posts\/115323\/revisions"}],"predecessor-version":[{"id":115324,"href":"https:\/\/realitatearutiera.ro\/index.php?rest_route=\/wp\/v2\/posts\/115323\/revisions\/115324"}],"wp:featuredmedia":[{"embeddable":true,"href":"https:\/\/realitatearutiera.ro\/index.php?rest_route=\/wp\/v2\/media\/95784"}],"wp:attachment":[{"href":"https:\/\/realitatearutiera.ro\/index.php?rest_route=%2Fwp%2Fv2%2Fmedia&parent=115323"}],"wp:term":[{"taxonomy":"category","embeddable":true,"href":"https:\/\/realitatearutiera.ro\/index.php?rest_route=%2Fwp%2Fv2%2Fcategories&post=115323"},{"taxonomy":"post_tag","embeddable":true,"href":"https:\/\/realitatearutiera.ro\/index.php?rest_route=%2Fwp%2Fv2%2Ftags&post=115323"}],"curies":[{"name":"wp","href":"https:\/\/api.w.org\/{rel}","templated":true}]}}