{"id":115325,"date":"2024-08-30T10:34:12","date_gmt":"2024-08-30T07:34:12","guid":{"rendered":"https:\/\/realitatearutiera.ro\/?p=115325"},"modified":"2024-08-30T10:34:58","modified_gmt":"2024-08-30T07:34:58","slug":"cand-devine-nul-un-proces-verbal-de-contraventie","status":"publish","type":"post","link":"https:\/\/realitatearutiera.ro\/?p=115325","title":{"rendered":"C\u00e2nd devine nul un proces verbal de contraven\u021bie"},"content":{"rendered":"\n<p>Sunt mai multe situa\u021bii \u00een care un proces verbal de contraven\u021bie devine nul, dar pentru a sc\u0103pa de amend\u0103, \u0219oferii trebuie s\u0103 depun\u0103 o contesta\u021bie \u00een instan\u021b\u0103.<\/p>\n\n\n\n<p>\u00cen momentul \u00een care poli\u021bistul completeaz\u0103 procesul verbal de contraven\u021bie, trebuie s\u0103 fie foarte atent.<\/p>\n\n\n\n<p>Este suficient\u0103 o singur\u0103 informa\u021bie gre\u0219it\u0103 pentru ca \u0219oferul s\u0103 poat\u0103 ob\u021bine \u00een instan\u021b\u0103 anularea&nbsp;<a href=\"https:\/\/www.promotor.ro\/stiri-auto\/procedura-de-contestare-in-instanta-a-contraventiilor-auto-se-va-schimba-19191487\">sanc\u021biunii<\/a>.<\/p>\n\n\n\n<h2 class=\"wp-block-heading\">C\u00e2nd devine nul un proces verbal de contraven\u021bie<\/h2>\n\n\n\n<p>Conform legii,&nbsp;<a href=\"https:\/\/www.promotor.ro\/stiri-auto\/ce-se-trece-rubrica-mentiuni-din-procesul-verbal-18833972\">proces verbal<\/a>&nbsp;de constatare a unei abateri rutiere trebuie s\u0103 con\u021bin\u0103 mai multe informa\u021bii. Dac\u0103 una dintre aceste informa\u021bii lipse\u0219te sau este eronat\u0103, procesul verbal de contraven\u021bie devine nul.<\/p>\n\n\n\n<p>Informa\u021biile obligatorii pe care trebuie s\u0103 le con\u021bin\u0103 actul de constatare a abaterii rutiere sunt:<\/p>\n\n\n\n<ul class=\"wp-block-list\">\n<li>numele \u0219i prenumele agentului constatator;<\/li>\n\n\n\n<li>numele \u0219i prenumele contravenientului;<\/li>\n\n\n\n<li>codul numeric personal \/ denumirea \u0219i adresa societ\u0103\u021bii (in cazul persoanelor juridice);<\/li>\n\n\n\n<li>fapta s\u0103v\u00e2r\u0219it\u0103 \u0219i data comiterii acesteia;<\/li>\n\n\n\n<li>locul exact unde s-a petrecut;<\/li>\n\n\n\n<li>\u00eencadrarea juridic\u0103 a faptei;<\/li>\n\n\n\n<li>semn\u0103tura agentului constatator.<\/li>\n<\/ul>\n\n\n\n<p>\u201e<em><strong>Dac\u0103 una dintre aceste informa\u021bii lipse\u0219te sau este gre\u0219it\u0103, procesul verbal devine nul. Practic, nu mai conteaz\u0103 dac\u0103 ai s\u0103v\u00e2r\u0219it sau nu fapta respectiv\u0103, judecata se face asupra modului de \u00eentocmire a amenzii. \u0218i, de fiecare dat\u0103, dac\u0103 procesul verbal e incomplet sau incorect, se anuleaz\u0103<\/strong><\/em>\u201d, a explicat pentru ProMotor avocatul Valentin Ciobanu.<\/p>\n\n\n\n<p>De asemenea, dac\u0103 descrierea faptei nu e complet\u0103 sau suficient de clar\u0103, amenda poate fi anulat\u0103. Acela\u0219i lucru se poate decide \u0219i \u00een cazul \u00een care, de exemplu, un \u0219ofer a fost amendat pentru dep\u0103\u0219irea vitezei, dar aparatul radar nu a func\u021bionat corespunz\u0103tor.<\/p>\n\n\n\n<p>Dar, pentru a anula acest proces verbal, \u0219oferii trebuie s\u0103 se adreseze unei instan\u021be de judecat\u0103.<\/p>\n\n\n\n<h2 class=\"wp-block-heading\">Cum se face contesta\u021bie pentru a anula amenda de circula\u021bie<\/h2>\n\n\n\n<p>\u0218oferii au la dispozi\u021bie 15 zile pentru a contesta amenda rutier\u0103. Aceast\u0103 perioad\u0103 se calculeaz\u0103 din data la care \u0219oferul a luat la cuno\u0219tin\u021b\u0103 de aplicarea sanc\u021biunii sau de c\u00e2nd a intrat \u00een posesia procesului verbal.<\/p>\n\n\n\n<p>\u201e<em><strong>Conform noii legi, acum se consider\u0103 c\u0103 un \u0219ofer a luat la cuno\u0219tin\u021b\u0103 \u00een momentul \u00een care e \u00eentocmit\u0103 amenda, chiar dac\u0103 nu semneaz\u0103 procesul verbal. Numai \u00een cazul celor sanc\u021biona\u021bi \u00een lips\u0103, cele 15 zile curg de c\u00e2nd primesc acas\u0103 amenda<\/strong><\/em>\u201d, a mai explicat avocatul Valentin Ciobanu.<\/p>\n\n\n\n<p>Iat\u0103 cum se face o contesta\u021bie pentru a anula amenda de circula\u021bie:<\/p>\n\n\n\n<ol class=\"wp-block-list\">\n<li>Se pl\u0103te\u0219te o tax\u0103 de timbru la prim\u0103ria de domiciliu;<\/li>\n\n\n\n<li>Se depune o contesta\u021bie a procesului verbal la judec\u0103toria de domiciliu sau la cea de pe raza localit\u0103\u021bii unde a fost aplicat\u0103 sanc\u021biunea, care va con\u021bine:\n<ul class=\"wp-block-list\">\n<li>pl\u00e2ngere scris\u0103 de m\u00e2n\u0103 sau dactilografiat\u0103, prin care \u0219oferul descrie, pe scurt, ce s-a \u00eent\u00e2mplat \u0219i de ce contest\u0103 procesul verbal \u0219i cere anularea lui;<\/li>\n\n\n\n<li>copie a procesului verbal contestat;<\/li>\n\n\n\n<li>dovada achit\u0103rii Taxei de timbru;<\/li>\n\n\n\n<li>alte\u00a0<a href=\"https:\/\/www.promotor.ro\/stiri-auto\/ce-faci-daca-ai-pierdut-cartea-de-identitate-a-masinii-civ-documentele-necesare-pentru-inlocuire-19262881\">documente<\/a>\u00a0justificative pe care le consider\u0103 importante \u00een cazul s\u0103u (de exemplu, au fost \u0219oferi amenda\u021bi pentru vitez\u0103 excesiv\u0103, dar au demonstrat c\u0103 aveau o urgen\u021b\u0103 medical\u0103 \u0219i era imperios s\u0103 ajung\u0103 \u00een cel mai scurt timp la spital)<\/li>\n\n\n\n<li>diverse probe materiale (poze, \u00eenregistr\u0103ri video sau audio, etc.).<\/li>\n<\/ul>\n<\/li>\n<\/ol>\n\n\n\n<p>Nu este obligatorie prezen\u021ba unui avocat pentru a depune aceste documente. Fiecare cet\u0103\u021bean are posibilitatea s\u0103 se reprezinte singur \u0219i chiar poate cere judecarea \u00een lips\u0103.<\/p>\n\n\n\n<p>Sursa\/foto:promotor<\/p>\n","protected":false},"excerpt":{"rendered":"<p>Sunt mai multe situa\u021bii \u00een care un proces verbal de contraven\u021bie devine nul, dar pentru a sc\u0103pa de amend\u0103, \u0219oferii<\/p>\n","protected":false},"author":1,"featured_media":115326,"comment_status":"open","ping_status":"closed","sticky":false,"template":"","format":"standard","meta":{"spay_email":"","footnotes":"","jetpack_publicize_message":""},"categories":[82],"tags":[],"class_list":["post-115325","post","type-post","status-publish","format-standard","has-post-thumbnail","hentry","category-auto"],"jetpack_featured_media_url":"https:\/\/realitatearutiera.ro\/wp-content\/uploads\/2024\/08\/https___www.promotor.ro_wp-content_uploads_2021_10_amenda-1.webp","jetpack_publicize_connections":[],"jetpack_sharing_enabled":true,"jetpack_shortlink":"https:\/\/wp.me\/p61naM-u05","jetpack-related-posts":[],"_links":{"self":[{"href":"https:\/\/realitatearutiera.ro\/index.php?rest_route=\/wp\/v2\/posts\/115325","targetHints":{"allow":["GET"]}}],"collection":[{"href":"https:\/\/realitatearutiera.ro\/index.php?rest_route=\/wp\/v2\/posts"}],"about":[{"href":"https:\/\/realitatearutiera.ro\/index.php?rest_route=\/wp\/v2\/types\/post"}],"author":[{"embeddable":true,"href":"https:\/\/realitatearutiera.ro\/index.php?rest_route=\/wp\/v2\/users\/1"}],"replies":[{"embeddable":true,"href":"https:\/\/realitatearutiera.ro\/index.php?rest_route=%2Fwp%2Fv2%2Fcomments&post=115325"}],"version-history":[{"count":1,"href":"https:\/\/realitatearutiera.ro\/index.php?rest_route=\/wp\/v2\/posts\/115325\/revisions"}],"predecessor-version":[{"id":115327,"href":"https:\/\/realitatearutiera.ro\/index.php?rest_route=\/wp\/v2\/posts\/115325\/revisions\/115327"}],"wp:featuredmedia":[{"embeddable":true,"href":"https:\/\/realitatearutiera.ro\/index.php?rest_route=\/wp\/v2\/media\/115326"}],"wp:attachment":[{"href":"https:\/\/realitatearutiera.ro\/index.php?rest_route=%2Fwp%2Fv2%2Fmedia&parent=115325"}],"wp:term":[{"taxonomy":"category","embeddable":true,"href":"https:\/\/realitatearutiera.ro\/index.php?rest_route=%2Fwp%2Fv2%2Fcategories&post=115325"},{"taxonomy":"post_tag","embeddable":true,"href":"https:\/\/realitatearutiera.ro\/index.php?rest_route=%2Fwp%2Fv2%2Ftags&post=115325"}],"curies":[{"name":"wp","href":"https:\/\/api.w.org\/{rel}","templated":true}]}}