{"id":115453,"date":"2024-09-03T10:56:17","date_gmt":"2024-09-03T07:56:17","guid":{"rendered":"https:\/\/realitatearutiera.ro\/?p=115453"},"modified":"2024-09-03T10:56:19","modified_gmt":"2024-09-03T07:56:19","slug":"un-politist-a-atacat-cu-bestialitate-un-sofer-intr-o-benzinarie","status":"publish","type":"post","link":"https:\/\/realitatearutiera.ro\/?p=115453","title":{"rendered":"\u00a0Un poli\u021bist a atacat cu bestialitate un \u0219ofer \u00eentr-o benzin\u0103rie"},"content":{"rendered":"\n<p>Un poli\u021bist a fost filmat \u00een timp ce lovea cu pumnii \u0219i picioarele, un t\u00e2n\u0103r aflat cu ma\u0219ina, \u00eentr-o benzin\u0103rie. Agentul b\u0103t\u0103u\u0219 lucreaz\u0103 \u00een cadrul IPJ Sibiu, la serviciul pentru ac\u021biuni speciale. \u00cen timpul liber se ocup\u0103 de tract\u0103ri auto.<\/p>\n\n\n\n<p><a href=\"https:\/\/adevarul.ro\/stiri-locale\/sibiu\/un-sofer-a-reclamat-ca-a-fost-agresat-de-un-2385287.html\">Incidentul violent<\/a>&nbsp;a avut loc duminic\u0103, 1 septembrie. Pe filmarea video se observ\u0103 momentul \u00een care, \u00eentr-un sens giratoriu, o ma\u015fin\u0103 trece prin fa\u0163a platformei care tracta un autoturism \u015fi intr\u0103 \u00een benzin\u0103rie unde opre\u015fte. La un moment dat, poli\u021bistul \u00ee\u0219i iese din fire, sare din autoutilitar\u0103 \u015fi se repeze\u0219te s\u0103 loveasc\u0103 cu picioarele \u015fi pumnii la t\u00e2n\u0103rul de la volan.<\/p>\n\n\n\n<p>Video <a href=\"https:\/\/adevarul.ro\/stiri-interne\/evenimente\/cine-este-politistul-bataus-care-a-atacat-cu-2385426.html\">aici<\/a><\/p>\n\n\n\n<p>Potrivit&nbsp;<a href=\"https:\/\/observatornews.ro\/eveniment\/politistul-bataus-din-sibiu-lucreaza-la-trupele-speciale-iar-soferul-atacat-are-18-ani-aveam-sange-la-nas-591970.html\">observator<\/a>, poli\u0163istul b\u0103t\u0103u\u015f are 39 de ani \u0219i lucreaz\u0103 \u00een cadrul IPJ Sibiu. \u00cen timpul liber se ocup\u0103 de tract\u0103ri auto. B\u0103rbatul era \u00een afara programului atunci c\u00e2nd l-a atacat pe t\u00e2n\u0103r. A lucrat la Servicul de Investiga\u021bii Criminale, iar de c\u00e2tiva ani este la trupele speciale.<\/p>\n\n\n\n<p>\u00cen ap\u0103rarea \u0219oferului de 18 ani au intervenit mai multe persoane care se aflau \u00een trafic \u0219i au v\u0103zut scenele violente.<\/p>\n\n\n\n<h2 class=\"wp-block-heading\">&nbsp; T\u00e2n\u0103rul de 18 ani: Nu te a\u0219tep\u021bi ca cineva s\u0103 zboare prin ma\u0219ina ta<\/h2>\n\n\n\n<p><em>\u201eEu am f\u0103cut sensul giratoriu \u015fi un domn cu o platform\u0103 a fr\u00e2nat brusc. Eu nu am b\u0103gat de seam\u0103. D\u00e2nsul s-a dat jos de la volan, pe partea dreapt\u0103 a ma\u015finii lui \u015fi m-a lovit cu piciorul direct \u00een spate. Ulterior, a dat cu pumnul \u015fi m-a lovit de mai multe ori\u201d<\/em>, a povestit Ionu\u021b Popescu, t\u00e2n\u0103rul b\u0103tut, pentru sursa citat\u0103.<\/p>\n\n\n\n<p>\u0218ocat\u0103, mama t\u00e2n\u0103rului a povestit c\u0103 aceste avea semne vizibile lovituri la fa\u021b\u0103.<\/p>\n\n\n\n<p><em>\u201eCopilul mi-a spus: &lt;mama, am \u00eencercat s\u0103 m\u0103 ap\u0103r, dar abia am putut s\u0103 m\u0103 feresc de loviturile care veneau \u00een ploaie&#8217;&#8230;nu te a\u0219tep\u021bi ca cineva s\u0103 zboare prin ma\u0219ina ta&gt;. Nu a gre\u0219it cu nimic\u201d,<\/em>&nbsp;a spus mama acestuia.<img loading=\"lazy\" decoding=\"async\" src=\"https:\/\/i2.wp.com\/cdn.adh.reperio.news\/image-a\/aa16cb21-3f48-4999-a12f-68fb86db963c\/index.png?resize=800%2C429&#038;ssl=1\" alt=\"Poli\u021bistul s-a n\u0103pustit asupra \u0219oferului de 18 ani FOTO: captura video\" width=\"800\" height=\"429\"  data-recalc-dims=\"1\"><\/p>\n\n\n\n<p>Poli\u021bistul s-a n\u0103pustit asupra \u0219oferului de 18 ani FOTO: captura video<\/p>\n\n\n\n<p>Poli\u0163i\u015ftii au deschis<a href=\"https:\/\/adevarul.ro\/stiri-locale\/slatina\/politistul-din-olt-care-a-batut-crunt-o-femeie-1981488.html\">&nbsp;un dosar de cercetare penal\u0103<\/a>&nbsp;care vizeaz\u0103 s\u0103v\u00e2r\u015firea infrac\u0163iunilor de lovire sau alte violen\u0163e, respectiv distrugere.<\/p>\n\n\n\n<p>Pe l\u00e2ng\u0103 dosarul penal pentru loviri \u0219i dstrugere, agentul este vizat \u0219i de o cercetare disciplinar\u0103.<\/p>\n\n\n\n<p><em>\u201eCercet\u0103rile sunt continuate \u00een vederea stabilirii situa\u0163iei de fapt, pentru aplicarea m\u0103surilor legale. \u00cen acest context, comanda IPJ Sibiu a dispus, prin Compartimentul Control Intern, declan\u015farea de verific\u0103ri cu privire la comportamentul poli\u0163istului \u00een cauz\u0103, urm\u00e2nd a se dispune m\u0103suri \u00een consecin\u0163\u0103&#8221;,<\/em>&nbsp;se mai men\u0163ioneaz\u0103 \u00een comunicat.<\/p>\n\n\n\n<p>Sursa\/foto:adevarul<\/p>\n","protected":false},"excerpt":{"rendered":"<p>Un poli\u021bist a fost filmat \u00een timp ce lovea cu pumnii \u0219i picioarele, un t\u00e2n\u0103r aflat cu ma\u0219ina, \u00eentr-o benzin\u0103rie.<\/p>\n","protected":false},"author":1,"featured_media":115455,"comment_status":"open","ping_status":"closed","sticky":false,"template":"","format":"standard","meta":{"spay_email":"","footnotes":"","jetpack_publicize_message":""},"categories":[6],"tags":[],"class_list":["post-115453","post","type-post","status-publish","format-standard","has-post-thumbnail","hentry","category-social"],"jetpack_featured_media_url":"https:\/\/realitatearutiera.ro\/wp-content\/uploads\/2024\/09\/index.webp","jetpack_publicize_connections":[],"jetpack_sharing_enabled":true,"jetpack_shortlink":"https:\/\/wp.me\/p61naM-u29","jetpack-related-posts":[],"_links":{"self":[{"href":"https:\/\/realitatearutiera.ro\/index.php?rest_route=\/wp\/v2\/posts\/115453","targetHints":{"allow":["GET"]}}],"collection":[{"href":"https:\/\/realitatearutiera.ro\/index.php?rest_route=\/wp\/v2\/posts"}],"about":[{"href":"https:\/\/realitatearutiera.ro\/index.php?rest_route=\/wp\/v2\/types\/post"}],"author":[{"embeddable":true,"href":"https:\/\/realitatearutiera.ro\/index.php?rest_route=\/wp\/v2\/users\/1"}],"replies":[{"embeddable":true,"href":"https:\/\/realitatearutiera.ro\/index.php?rest_route=%2Fwp%2Fv2%2Fcomments&post=115453"}],"version-history":[{"count":1,"href":"https:\/\/realitatearutiera.ro\/index.php?rest_route=\/wp\/v2\/posts\/115453\/revisions"}],"predecessor-version":[{"id":115456,"href":"https:\/\/realitatearutiera.ro\/index.php?rest_route=\/wp\/v2\/posts\/115453\/revisions\/115456"}],"wp:featuredmedia":[{"embeddable":true,"href":"https:\/\/realitatearutiera.ro\/index.php?rest_route=\/wp\/v2\/media\/115455"}],"wp:attachment":[{"href":"https:\/\/realitatearutiera.ro\/index.php?rest_route=%2Fwp%2Fv2%2Fmedia&parent=115453"}],"wp:term":[{"taxonomy":"category","embeddable":true,"href":"https:\/\/realitatearutiera.ro\/index.php?rest_route=%2Fwp%2Fv2%2Fcategories&post=115453"},{"taxonomy":"post_tag","embeddable":true,"href":"https:\/\/realitatearutiera.ro\/index.php?rest_route=%2Fwp%2Fv2%2Ftags&post=115453"}],"curies":[{"name":"wp","href":"https:\/\/api.w.org\/{rel}","templated":true}]}}