{"id":115924,"date":"2024-09-20T09:15:16","date_gmt":"2024-09-20T06:15:16","guid":{"rendered":"https:\/\/realitatearutiera.ro\/?p=115924"},"modified":"2024-09-20T09:15:17","modified_gmt":"2024-09-20T06:15:17","slug":"trei-fetite-de-11-ani-spulberate-de-un-sofer-care-a-adormit-la-volan-in-prahova","status":"publish","type":"post","link":"https:\/\/realitatearutiera.ro\/?p=115924","title":{"rendered":"Trei feti\u0163e de 11 ani, spulberate de un \u015fofer care a adormit la volan, \u00een Prahova"},"content":{"rendered":"\n<p>Accident \u00eenfior\u0103tor \u00een satul prahovean Pope\u015fti.&nbsp;Trei feti\u0163e au fost spulberate de o ma\u015fin\u0103 \u00een drum spre \u015fcoal\u0103.<a href=\"https:\/\/observatornews.ro\/autori\/redactia-observator-id29.html\"><\/a><\/p>\n\n\n\n<figure class=\"wp-block-image\"><img decoding=\"async\" src=\"https:\/\/i2.wp.com\/ivm.antenaplay.ro\/thumbs\/observatornews\/2024\/09\/20\/N4NRuaSorXT_3L.jpg?w=800&#038;ssl=1\" alt=\"\" data-recalc-dims=\"1\"\/><\/figure>\n\n\n\n<ul class=\"wp-block-list\"><\/ul>\n\n\n\n<p>Trei feti\u0163e de 11 ani au fost spulberate de o ma\u015fin\u0103, \u00een timp ce se \u00eentorceau de la \u015fcoal\u0103.&nbsp;<\/p>\n\n\n\n<p>\u015eoferul, un b\u0103rbat \u00een v\u00e2rst\u0103 de 36 de ani, adormit la volan \u015fi a pierdut controlul ma\u015finii. Din fericire, feti\u0163ele nu au fost grav r\u0103nite. Au primit \u00eengrijiri medicale la fa\u0163a locului \u015fi au fost transportate la Spitalul Jude\u0163ean Ploie\u015fti.&nbsp;<\/p>\n\n\n\n<p>Pe numele \u015foferului s-a deschis acum un dosar penal pentru v\u0103t\u0103mare corporal\u0103 din culp\u0103.&nbsp;<\/p>\n\n\n\n<p>Sursa:observatornews<\/p>\n\n\n\n<p><\/p>\n","protected":false},"excerpt":{"rendered":"<p>Accident \u00eenfior\u0103tor \u00een satul prahovean Pope\u015fti.&nbsp;Trei feti\u0163e au fost spulberate de o ma\u015fin\u0103 \u00een drum spre \u015fcoal\u0103. Trei feti\u0163e de<\/p>\n","protected":false},"author":1,"featured_media":99387,"comment_status":"open","ping_status":"closed","sticky":false,"template":"","format":"standard","meta":{"spay_email":"","footnotes":"","jetpack_publicize_message":""},"categories":[1],"tags":[],"class_list":["post-115924","post","type-post","status-publish","format-standard","has-post-thumbnail","hentry","category-uncategorized"],"jetpack_featured_media_url":"https:\/\/i0.wp.com\/realitatearutiera.ro\/wp-content\/uploads\/2023\/05\/accident-ambulanta-poza-buna_b920cdfaf1.jpg?fit=1920%2C1080&ssl=1","jetpack_publicize_connections":[],"jetpack_sharing_enabled":true,"jetpack_shortlink":"https:\/\/wp.me\/p61naM-u9K","jetpack-related-posts":[],"_links":{"self":[{"href":"https:\/\/realitatearutiera.ro\/index.php?rest_route=\/wp\/v2\/posts\/115924","targetHints":{"allow":["GET"]}}],"collection":[{"href":"https:\/\/realitatearutiera.ro\/index.php?rest_route=\/wp\/v2\/posts"}],"about":[{"href":"https:\/\/realitatearutiera.ro\/index.php?rest_route=\/wp\/v2\/types\/post"}],"author":[{"embeddable":true,"href":"https:\/\/realitatearutiera.ro\/index.php?rest_route=\/wp\/v2\/users\/1"}],"replies":[{"embeddable":true,"href":"https:\/\/realitatearutiera.ro\/index.php?rest_route=%2Fwp%2Fv2%2Fcomments&post=115924"}],"version-history":[{"count":1,"href":"https:\/\/realitatearutiera.ro\/index.php?rest_route=\/wp\/v2\/posts\/115924\/revisions"}],"predecessor-version":[{"id":115925,"href":"https:\/\/realitatearutiera.ro\/index.php?rest_route=\/wp\/v2\/posts\/115924\/revisions\/115925"}],"wp:featuredmedia":[{"embeddable":true,"href":"https:\/\/realitatearutiera.ro\/index.php?rest_route=\/wp\/v2\/media\/99387"}],"wp:attachment":[{"href":"https:\/\/realitatearutiera.ro\/index.php?rest_route=%2Fwp%2Fv2%2Fmedia&parent=115924"}],"wp:term":[{"taxonomy":"category","embeddable":true,"href":"https:\/\/realitatearutiera.ro\/index.php?rest_route=%2Fwp%2Fv2%2Fcategories&post=115924"},{"taxonomy":"post_tag","embeddable":true,"href":"https:\/\/realitatearutiera.ro\/index.php?rest_route=%2Fwp%2Fv2%2Ftags&post=115924"}],"curies":[{"name":"wp","href":"https:\/\/api.w.org\/{rel}","templated":true}]}}