{"id":116147,"date":"2024-09-26T08:39:10","date_gmt":"2024-09-26T05:39:10","guid":{"rendered":"https:\/\/realitatearutiera.ro\/?p=116147"},"modified":"2024-09-26T08:39:11","modified_gmt":"2024-09-26T05:39:11","slug":"accident-grav-in-targu-mures","status":"publish","type":"post","link":"https:\/\/realitatearutiera.ro\/?p=116147","title":{"rendered":"Accident grav \u00een T\u00e2rgu Mure\u0219"},"content":{"rendered":"\n<p>Cinci persoane au fost r\u0103nite, dou\u0103 fiind \u00een stare grav\u0103, \u00een urma unui accident \u00een care au fost implicate dou\u0103 autoturisme, produs \u00een T\u00e2rgu Mure\u015f, joi noaptea.<\/p>\n\n\n\n<figure class=\"wp-block-image size-large\"><img loading=\"lazy\" decoding=\"async\" width=\"800\" height=\"450\" data-attachment-id=\"116148\" data-permalink=\"https:\/\/realitatearutiera.ro\/?attachment_id=116148\" data-orig-file=\"https:\/\/i0.wp.com\/realitatearutiera.ro\/wp-content\/uploads\/2024\/09\/image-35.png?fit=1920%2C1080&amp;ssl=1\" data-orig-size=\"1920,1080\" data-comments-opened=\"1\" data-image-meta=\"{&quot;aperture&quot;:&quot;0&quot;,&quot;credit&quot;:&quot;&quot;,&quot;camera&quot;:&quot;&quot;,&quot;caption&quot;:&quot;&quot;,&quot;created_timestamp&quot;:&quot;0&quot;,&quot;copyright&quot;:&quot;&quot;,&quot;focal_length&quot;:&quot;0&quot;,&quot;iso&quot;:&quot;0&quot;,&quot;shutter_speed&quot;:&quot;0&quot;,&quot;title&quot;:&quot;&quot;,&quot;orientation&quot;:&quot;0&quot;}\" data-image-title=\"image\" data-image-description=\"\" data-medium-file=\"https:\/\/i0.wp.com\/realitatearutiera.ro\/wp-content\/uploads\/2024\/09\/image-35.png?fit=300%2C169&amp;ssl=1\" data-large-file=\"https:\/\/i0.wp.com\/realitatearutiera.ro\/wp-content\/uploads\/2024\/09\/image-35.png?fit=800%2C450&amp;ssl=1\" src=\"https:\/\/i2.wp.com\/realitatearutiera.ro\/wp-content\/uploads\/2024\/09\/image-35-1024x576.png?resize=800%2C450&#038;ssl=1\" alt=\"\" class=\"wp-image-116148\" srcset=\"https:\/\/i0.wp.com\/realitatearutiera.ro\/wp-content\/uploads\/2024\/09\/image-35.png?resize=1024%2C576&amp;ssl=1 1024w, https:\/\/i0.wp.com\/realitatearutiera.ro\/wp-content\/uploads\/2024\/09\/image-35.png?resize=300%2C169&amp;ssl=1 300w, https:\/\/i0.wp.com\/realitatearutiera.ro\/wp-content\/uploads\/2024\/09\/image-35.png?resize=768%2C432&amp;ssl=1 768w, https:\/\/i0.wp.com\/realitatearutiera.ro\/wp-content\/uploads\/2024\/09\/image-35.png?resize=1536%2C864&amp;ssl=1 1536w, https:\/\/i0.wp.com\/realitatearutiera.ro\/wp-content\/uploads\/2024\/09\/image-35.png?w=1920&amp;ssl=1 1920w, https:\/\/i0.wp.com\/realitatearutiera.ro\/wp-content\/uploads\/2024\/09\/image-35.png?w=1600 1600w\" sizes=\"auto, (max-width: 800px) 100vw, 800px\" data-recalc-dims=\"1\" \/><\/figure>\n\n\n\n<p>ISU a intervenit joi noaptea la un accident \u00een care au fost implicate dou\u0103 autoturisme \u00een care se aflau cinci persoane, pe strada Libert\u0103\u0163ii din T\u00e2rgu Mure\u015f, conform News.ro.<\/p>\n\n\n\n<p>Conform ISU Mure\u015f, \u00een urma accidentului, trei persoane au r\u0103mas \u00eencarcerate.&nbsp;Dintre acestea, dou\u0103 &#8211; un b\u0103rbat \u015fi o femeie &#8211; au fost grav r\u0103nite.<\/p>\n\n\n\n<p>\u00cen total, cinci persoane au fost transportate la UPU T\u00e2rgu Mure\u015f.<\/p>\n\n\n\n<p>S-au deplasat la locul evenimentului for\u0163e din cadrul Deta\u015famentului de Pompieri T\u00e2rgu Mure\u015f, cu dou\u0103 autospeciale de stingere, o autospecial\u0103 de descarcerare \u015fi trei ambulan\u0163e SMURD dintre care una Terapie Intensiv\u0103 Mobil\u0103. \u00cen sprijin au fost alocate \u015fi dou\u0103 ambulan\u0163e ale Serviciului de Ambulan\u0163\u0103 Jude\u0163ean.<\/p>\n\n\n\n<p>Sursa:stirileprotv<\/p>\n\n\n\n<p><\/p>\n","protected":false},"excerpt":{"rendered":"<p>Cinci persoane au fost r\u0103nite, dou\u0103 fiind \u00een stare grav\u0103, \u00een urma unui accident \u00een care au fost implicate dou\u0103<\/p>\n","protected":false},"author":1,"featured_media":98109,"comment_status":"open","ping_status":"closed","sticky":false,"template":"","format":"standard","meta":{"spay_email":"","footnotes":"","jetpack_publicize_message":""},"categories":[1],"tags":[],"class_list":["post-116147","post","type-post","status-publish","format-standard","has-post-thumbnail","hentry","category-uncategorized"],"jetpack_featured_media_url":"https:\/\/realitatearutiera.ro\/wp-content\/uploads\/2023\/04\/accident.webp","jetpack_publicize_connections":[],"jetpack_sharing_enabled":true,"jetpack_shortlink":"https:\/\/wp.me\/p61naM-udl","jetpack-related-posts":[],"_links":{"self":[{"href":"https:\/\/realitatearutiera.ro\/index.php?rest_route=\/wp\/v2\/posts\/116147","targetHints":{"allow":["GET"]}}],"collection":[{"href":"https:\/\/realitatearutiera.ro\/index.php?rest_route=\/wp\/v2\/posts"}],"about":[{"href":"https:\/\/realitatearutiera.ro\/index.php?rest_route=\/wp\/v2\/types\/post"}],"author":[{"embeddable":true,"href":"https:\/\/realitatearutiera.ro\/index.php?rest_route=\/wp\/v2\/users\/1"}],"replies":[{"embeddable":true,"href":"https:\/\/realitatearutiera.ro\/index.php?rest_route=%2Fwp%2Fv2%2Fcomments&post=116147"}],"version-history":[{"count":1,"href":"https:\/\/realitatearutiera.ro\/index.php?rest_route=\/wp\/v2\/posts\/116147\/revisions"}],"predecessor-version":[{"id":116149,"href":"https:\/\/realitatearutiera.ro\/index.php?rest_route=\/wp\/v2\/posts\/116147\/revisions\/116149"}],"wp:featuredmedia":[{"embeddable":true,"href":"https:\/\/realitatearutiera.ro\/index.php?rest_route=\/wp\/v2\/media\/98109"}],"wp:attachment":[{"href":"https:\/\/realitatearutiera.ro\/index.php?rest_route=%2Fwp%2Fv2%2Fmedia&parent=116147"}],"wp:term":[{"taxonomy":"category","embeddable":true,"href":"https:\/\/realitatearutiera.ro\/index.php?rest_route=%2Fwp%2Fv2%2Fcategories&post=116147"},{"taxonomy":"post_tag","embeddable":true,"href":"https:\/\/realitatearutiera.ro\/index.php?rest_route=%2Fwp%2Fv2%2Ftags&post=116147"}],"curies":[{"name":"wp","href":"https:\/\/api.w.org\/{rel}","templated":true}]}}