{"id":116359,"date":"2024-10-01T09:00:51","date_gmt":"2024-10-01T06:00:51","guid":{"rendered":"https:\/\/realitatearutiera.ro\/?p=116359"},"modified":"2024-10-01T09:00:53","modified_gmt":"2024-10-01T06:00:53","slug":"cum-poti-sa-pastrezi-numarul-de-inmatriculare-daca-ai-vandut-masina","status":"publish","type":"post","link":"https:\/\/realitatearutiera.ro\/?p=116359","title":{"rendered":"Cum po\u021bi s\u0103 p\u0103strezi num\u0103rul de \u00eenmatriculare dac\u0103 ai v\u00e2ndut ma\u0219ina"},"content":{"rendered":"\n<p>Cei care \u0219i-au v\u00e2ndut ma\u0219ina, dar vor s\u0103 p\u0103streze num\u0103rul de \u00eenmatriculare pentru a-l folosi la un alt vehicul, pot face asta numai dac\u0103 urmeaz\u0103 o anumit\u0103 procedur\u0103.<\/p>\n\n\n\n<p>To\u021bi posesorii de autovehicule au posibilitatea de a p\u0103stra combina\u021bia num\u0103rului de&nbsp;<a href=\"https:\/\/www.promotor.ro\/stiri-auto\/cum-poti-pastra-placutele-de-inmatriculare-daca-ai-vandut-masina-in-2022-19007956\">\u00eenmatriculare<\/a>.<\/p>\n\n\n\n<p>Pot solicita asta fie dac\u0103 au v\u00e2ndut ma\u0219ina, fie dac\u0103 aceasta a fost radiat\u0103 din circula\u021bie.<\/p>\n\n\n\n<h2 class=\"wp-block-heading\">Cum po\u021bi s\u0103 p\u0103strezi num\u0103rul de \u00eenmatriculare dac\u0103 ai v\u00e2ndut ma\u0219ina<\/h2>\n\n\n\n<p>Pentru a p\u0103stra num\u0103rul de \u00eenmatriculare al vehiculului&nbsp;<a href=\"https:\/\/www.promotor.ro\/stiri-auto\/dacia-cucereste-europa-cu-motorizarile-pe-gpl-a-vandut-un-milion-de-masini-echipate-cu-astfel-de-motoare-19326817\">v\u00e2ndut<\/a>&nbsp;sau pe care urmeaz\u0103 s\u0103-l \u00eenstr\u0103inezi, trebuie s\u0103 parcurgi mai mul\u021bi pa\u0219i.<\/p>\n\n\n\n<p>\u00cen primul r\u00e2nd, trebuie achitat\u0103 o tax\u0103 special\u0103 de p\u0103strare a num\u0103rului, \u00een valoare de 30 de lei. Aceast\u0103 sum\u0103 se achit\u0103 fie online, prin ghiseul.ro, fie la Direc\u021bia de Permise \u0219i \u00cenmatricul\u0103ri (DGPCI).<\/p>\n\n\n\n<p>Apoi, se va completa o solicitare de p\u0103strare a num\u0103rului de \u00eenmatriculare, care se depune, \u00eempreun\u0103 cu mai multe acte, tot la DGPCI.<\/p>\n\n\n\n<p>\u00cens\u0103, aceast\u0103 solicitare trebuie \u00eenregistrat\u0103&nbsp;<strong>\u00eenainte&nbsp;<\/strong>ca noul proprietar s\u0103 solicite transcrierea dreptului de proprietate.<\/p>\n\n\n\n<h2 class=\"wp-block-heading\">Acte necesare pentru p\u0103strarea num\u0103rului de \u00eenmatriculare<\/h2>\n\n\n\n<p>Pentru a p\u0103stra num\u0103rul de \u00eenmatriculare, la DGPCI trebuie depuse urm\u0103toarele&nbsp;<a href=\"https:\/\/www.promotor.ro\/stiri-auto\/acte-itp-2024-ce-documente-trebuie-sa-ai-la-tine-cand-te-duci-sa-faci-inspectia-tehnica-periodica-19297291\">documente<\/a>:<\/p>\n\n\n\n<ul class=\"wp-block-list\">\n<li>cererea solicitantului;<\/li>\n\n\n\n<li>actul de identitate al solicitantului sau documentele care atest\u0103 dob\u00e2ndirea personalit\u0103\u021bii juridice, denumirea \u0219i sediul persoanei juridice, \u00een original;<\/li>\n\n\n\n<li>dovada achit\u0103rii tarifului de p\u0103strare a combina\u021biei num\u0103rului de \u00eenmatriculare.<\/li>\n<\/ul>\n\n\n\n<p>P\u0103strarea combina\u021biei num\u0103rului de \u00eenmatriculare poate fi solicitat\u0103 de c\u0103tre titularul certificatului de \u00eenmatriculare \u00eenainte de radierea din circula\u021bie a vehiculului, la expirarea solicit\u0103rii anterioare de p\u0103strare (dac\u0103 e cazul) sau \u00eenainte de transcrierea dreptului de proprietate pe numele noului proprietar.<\/p>\n\n\n\n<p>Rezervarea numerelor de \u00eenmatriculare are valabilitatea de un an, cu posibilitatea de prelugire, dar nu mai mult de 3 ani, \u00een total.<\/p>\n\n\n\n<p>Combina\u021bia nu poate fi cedat\u0103 \u00een favoarea altei persoanei fizice sau juridice. A\u0219adar, aceste&nbsp;<a href=\"https:\/\/www.promotor.ro\/stiri-auto\/numere-de-inmatriculare-in-romania-care-e-diferenta-intre-placutele-galbene-si-cele-verzi-19314279\">numere de \u00eenmatriculare<\/a>&nbsp;vor putea fi folosite doar de cel care a solicitat p\u0103strarea combina\u021biei, numai pentru un vehicul aflat \u00een proprietatea sa.<\/p>\n\n\n\n<p>Sursa\/foto:promotor<\/p>\n\n\n\n<p><\/p>\n","protected":false},"excerpt":{"rendered":"<p>Cei care \u0219i-au v\u00e2ndut ma\u0219ina, dar vor s\u0103 p\u0103streze num\u0103rul de \u00eenmatriculare pentru a-l folosi la un alt vehicul, pot<\/p>\n","protected":false},"author":1,"featured_media":116360,"comment_status":"open","ping_status":"closed","sticky":false,"template":"","format":"standard","meta":{"spay_email":"","footnotes":"","jetpack_publicize_message":""},"categories":[82],"tags":[],"class_list":["post-116359","post","type-post","status-publish","format-standard","has-post-thumbnail","hentry","category-auto"],"jetpack_featured_media_url":"https:\/\/realitatearutiera.ro\/wp-content\/uploads\/2024\/10\/https___www.promotor.ro_wp-content_uploads_2021_08_numere-de-inmatriculare.webp","jetpack_publicize_connections":[],"jetpack_sharing_enabled":true,"jetpack_shortlink":"https:\/\/wp.me\/p61naM-ugL","jetpack-related-posts":[],"_links":{"self":[{"href":"https:\/\/realitatearutiera.ro\/index.php?rest_route=\/wp\/v2\/posts\/116359","targetHints":{"allow":["GET"]}}],"collection":[{"href":"https:\/\/realitatearutiera.ro\/index.php?rest_route=\/wp\/v2\/posts"}],"about":[{"href":"https:\/\/realitatearutiera.ro\/index.php?rest_route=\/wp\/v2\/types\/post"}],"author":[{"embeddable":true,"href":"https:\/\/realitatearutiera.ro\/index.php?rest_route=\/wp\/v2\/users\/1"}],"replies":[{"embeddable":true,"href":"https:\/\/realitatearutiera.ro\/index.php?rest_route=%2Fwp%2Fv2%2Fcomments&post=116359"}],"version-history":[{"count":1,"href":"https:\/\/realitatearutiera.ro\/index.php?rest_route=\/wp\/v2\/posts\/116359\/revisions"}],"predecessor-version":[{"id":116361,"href":"https:\/\/realitatearutiera.ro\/index.php?rest_route=\/wp\/v2\/posts\/116359\/revisions\/116361"}],"wp:featuredmedia":[{"embeddable":true,"href":"https:\/\/realitatearutiera.ro\/index.php?rest_route=\/wp\/v2\/media\/116360"}],"wp:attachment":[{"href":"https:\/\/realitatearutiera.ro\/index.php?rest_route=%2Fwp%2Fv2%2Fmedia&parent=116359"}],"wp:term":[{"taxonomy":"category","embeddable":true,"href":"https:\/\/realitatearutiera.ro\/index.php?rest_route=%2Fwp%2Fv2%2Fcategories&post=116359"},{"taxonomy":"post_tag","embeddable":true,"href":"https:\/\/realitatearutiera.ro\/index.php?rest_route=%2Fwp%2Fv2%2Ftags&post=116359"}],"curies":[{"name":"wp","href":"https:\/\/api.w.org\/{rel}","templated":true}]}}