{"id":117069,"date":"2024-10-21T09:36:49","date_gmt":"2024-10-21T06:36:49","guid":{"rendered":"https:\/\/realitatearutiera.ro\/?p=117069"},"modified":"2024-10-21T09:37:06","modified_gmt":"2024-10-21T06:37:06","slug":"accident-grav-in-timis-un-copil-de-4-ani-a-ajuns-la-spital","status":"publish","type":"post","link":"https:\/\/realitatearutiera.ro\/?p=117069","title":{"rendered":"Accident grav \u00een Timi\u0219, un copil de 4 ani a ajuns la spital"},"content":{"rendered":"\n<p>Trei persoane, printre care \u015fi un copil de doar patru ani au r\u0103mas \u00eencarcerate \u00een urma unui accident rutier deosebit de grav petrecut \u00een jude\u0163ul Timi\u015f.&nbsp;\u00cen cauz\u0103, a fost \u00eentocmit dosar penal sub aspectul s\u0103v\u00e2r\u0219irii infrac\u021biunii de v\u0103t\u0103mare corporal\u0103 din culp\u0103.<a href=\"https:\/\/observatornews.ro\/autori\/redactia-observator-id29.html\"><\/a><\/p>\n\n\n\n<figure class=\"wp-block-image\"><img decoding=\"async\" src=\"https:\/\/i2.wp.com\/ivm.antenaplay.ro\/thumbs\/observatornews\/2024\/10\/21\/ihhmF4SVjYE_3L.jpg?w=800&#038;ssl=1\" alt=\"\" data-recalc-dims=\"1\"\/><\/figure>\n\n\n\n<h2 class=\"wp-block-heading\">Accident grav \u00een Timi\u0219, un copil de 4 ani a ajuns la spital<\/h2>\n\n\n\n<p>La fa\u0163a locului au ajuns imediat salvatorii care au extras cele trei victime, vorbim despre \u015fofer, pasagera acestuia, dar \u015fi copilul minor.&nbsp;<\/p>\n\n\n\n<p>Pentru c\u0103 prezentau r\u0103ni, cei trei au fost transporta\u0163i la spital pentru \u00eengrijiri medicale.&nbsp;<\/p>\n\n\n\n<p><em>&#8220;Ast\u0103zi, \u00een jurul orei 20:00, am fost sesiza\u021bi prin apel 112 de un participant la trafic despre faptul c\u0103 un autoturism s-a r\u0103sturnat \u00een afara p\u0103r\u021bii carosabile la intrare \u00een localitatea Giarmata.&nbsp;Poli\u021bi\u0219tii ajun\u0219i la fa\u021ba locului au constatat c\u0103 un b\u0103rbat conducea un autoturism pe drumul DJ 691 dinspre localitatea Pi\u0219chia c\u0103tre localitatea Giarmata, iar la intrare \u00een localitatea Giarmata autoturismul s-a r\u0103sturnat \u00een afara p\u0103r\u021bii carosabile.&nbsp;\u00cen urma impactului, au rezultat 3 victime respectiv o femeie \u00een v\u00e2rst\u0103 de 39 de ani, un minor \u00een v\u00e2rst\u0103 de 4 ani \u0219i conduc\u0103torul auto&#8221;<\/em>, a transmis ieri IPJ Timi\u0219.<\/p>\n\n\n\n<p>\u00cen cauz\u0103, poli\u021bi\u0219tii au \u00eentocmit dosar penal sub aspectul s\u0103v\u00e2r\u0219irii infrac\u021biunii de v\u0103t\u0103mare corporal\u0103 din culp\u0103 \u0219i continu\u0103 cercet\u0103rile pentru stabilirea circumstan\u021belor \u00een care s-a produs accidentul.<\/p>\n\n\n\n<p>Sursa:observatornews<\/p>\n","protected":false},"excerpt":{"rendered":"<p>Trei persoane, printre care \u015fi un copil de doar patru ani au r\u0103mas \u00eencarcerate \u00een urma unui accident rutier deosebit<\/p>\n","protected":false},"author":1,"featured_media":99387,"comment_status":"open","ping_status":"closed","sticky":false,"template":"","format":"standard","meta":{"spay_email":"","footnotes":"","jetpack_publicize_message":""},"categories":[1],"tags":[],"class_list":["post-117069","post","type-post","status-publish","format-standard","has-post-thumbnail","hentry","category-uncategorized"],"jetpack_featured_media_url":"https:\/\/i0.wp.com\/realitatearutiera.ro\/wp-content\/uploads\/2023\/05\/accident-ambulanta-poza-buna_b920cdfaf1.jpg?fit=1920%2C1080&ssl=1","jetpack_publicize_connections":[],"jetpack_sharing_enabled":true,"jetpack_shortlink":"https:\/\/wp.me\/p61naM-usd","jetpack-related-posts":[],"_links":{"self":[{"href":"https:\/\/realitatearutiera.ro\/index.php?rest_route=\/wp\/v2\/posts\/117069","targetHints":{"allow":["GET"]}}],"collection":[{"href":"https:\/\/realitatearutiera.ro\/index.php?rest_route=\/wp\/v2\/posts"}],"about":[{"href":"https:\/\/realitatearutiera.ro\/index.php?rest_route=\/wp\/v2\/types\/post"}],"author":[{"embeddable":true,"href":"https:\/\/realitatearutiera.ro\/index.php?rest_route=\/wp\/v2\/users\/1"}],"replies":[{"embeddable":true,"href":"https:\/\/realitatearutiera.ro\/index.php?rest_route=%2Fwp%2Fv2%2Fcomments&post=117069"}],"version-history":[{"count":1,"href":"https:\/\/realitatearutiera.ro\/index.php?rest_route=\/wp\/v2\/posts\/117069\/revisions"}],"predecessor-version":[{"id":117070,"href":"https:\/\/realitatearutiera.ro\/index.php?rest_route=\/wp\/v2\/posts\/117069\/revisions\/117070"}],"wp:featuredmedia":[{"embeddable":true,"href":"https:\/\/realitatearutiera.ro\/index.php?rest_route=\/wp\/v2\/media\/99387"}],"wp:attachment":[{"href":"https:\/\/realitatearutiera.ro\/index.php?rest_route=%2Fwp%2Fv2%2Fmedia&parent=117069"}],"wp:term":[{"taxonomy":"category","embeddable":true,"href":"https:\/\/realitatearutiera.ro\/index.php?rest_route=%2Fwp%2Fv2%2Fcategories&post=117069"},{"taxonomy":"post_tag","embeddable":true,"href":"https:\/\/realitatearutiera.ro\/index.php?rest_route=%2Fwp%2Fv2%2Ftags&post=117069"}],"curies":[{"name":"wp","href":"https:\/\/api.w.org\/{rel}","templated":true}]}}