{"id":117685,"date":"2024-11-12T09:15:20","date_gmt":"2024-11-12T07:15:20","guid":{"rendered":"https:\/\/realitatearutiera.ro\/?p=117685"},"modified":"2024-11-12T09:15:22","modified_gmt":"2024-11-12T07:15:22","slug":"sfaturi-pentru-turistii-care-doresc-sa-se-bucure-de-venirea-iernii-la-munte","status":"publish","type":"post","link":"https:\/\/realitatearutiera.ro\/?p=117685","title":{"rendered":"Sfaturi pentru turi\u0219tii care doresc s\u0103 se bucure de venirea iernii la munte"},"content":{"rendered":"\n<p>Primii fulgi de z\u0103pad\u0103 s-au a\u0219ternut, luni diminea\u021b\u0103, \u00een sta\u021biunea montan\u0103 Straja din Hunedoara, semn c\u0103 iarna se apropie cu pa\u0219i repezi. \u00cen Retezat, de\u0219i ninsorile se las\u0103 a\u0219teptate traseele turistice devin tot mai dificile din cauza ghe\u021bii.<img loading=\"lazy\" decoding=\"async\" src=\"https:\/\/i0.wp.com\/cdn.adh.reperio.news\/image-3\/396ae68e-9782-4eff-a87e-909a8bb7244f\/index.jpeg?resize=800%2C429&#038;ssl=1\" alt=\"Prima ninsoare \u00een Straja. Foto: Dimitrie Iva\u0219co. Facebook\" width=\"800\" height=\"429\"  data-recalc-dims=\"1\"><\/p>\n\n\n\n<p>Prima ninsoare \u00een Straja. Foto: Dimitrie Iva\u0219co. Facebook<\/p>\n\n\n\n<p>Luni diminea\u021ba, 11 noiembrie, Dimitrie Iva\u0219co, stare\u021bul schitului din Sta\u021biunea montan\u0103 Straja, a \u00eent\u00e2mpinat cu bucurie prima ninsoare din acest sf\u00e2r\u0219it de toamn\u0103 peste locurile de la poalele V\u00e2rfului Straja (1.868 metri).<\/p>\n\n\n\n<p><em>\u201ePrimii fulgi de z\u0103pad\u0103 \u00een Straja\u201d,<\/em>&nbsp;a anun\u021bat acesta, al\u0103turi de imaginile publicate&nbsp;<a href=\"https:\/\/www.facebook.com\/dimitrie.ivasco\">pe pagina sa de Facebook.<\/a><\/p>\n\n\n\n<p>De\u0219i ninsoarea nu a fost suficient de puternic\u0103 pentru a acoperi paji\u0219tile alpine din Mun\u021bii V\u00e2lcan (<em><strong>video &#8211; Dimitrie Iva\u0219co<\/strong><\/em>), transformate \u00een deceniile trecute \u00een p\u00e2rtii de schi, fulgii au continuat s\u0103 cad\u0103 pe parcursul zilei, semn c\u0103 iarna se arat\u0103 tot mai aproape<\/p>\n\n\n\n<p>Video <a href=\"https:\/\/adevarul.ro\/stiri-interne\/meteo\/prima-ninsoare-in-statiunile-montane-din-romania-2400941.html\">aici<\/a><\/p>\n\n\n\n<p>Aflat\u0103 la 1.400-1.600 de metri altitudine, sta\u021biunea montan\u0103 Straja din Hunedoara a devenit \u00een ultimii ani, \u00een timpul iernii, una dintre cele mai populare zone de agrement din Rom\u00e2nia.<\/p>\n\n\n\n<p>Are peste 20 kilometri de p\u00e2rtii de schi \u0219i peste 200 de cabane \u0219i pensiuni, majoritatea construite \u00een ultimele dou\u0103 decenii. O telegondol\u0103 \u0219i un drum modernizat fac leg\u0103tura \u00eentre municipiul Lupeni din Valea Jiului \u0219i zona de agrement de la poalele V\u00e2rfului Straja.<\/p>\n\n\n\n<h2 class=\"wp-block-heading\">Recomand\u0103ri pentru cei care vor s\u0103 ajung\u0103 la munte<\/h2>\n\n\n\n<p><a href=\"https:\/\/adevarul.ro\/stiri-locale\/hunedoara\/a-fost-cel-candva-cel-mai-salbatic-loc-din-2171062.html\">Vremea de iarn\u0103 s-a instalat \u00een mai multe zone alpine din Mun\u021bii Carpa\u021bi,<\/a>&nbsp;iar primii fulgi de z\u0103pad\u0103 au c\u0103zut \u0219i \u00een sta\u021biunile R\u00e2nca, Par\u00e2ng \u0219i \u0218ureanu.<\/p>\n\n\n\n<p>Video<a href=\"https:\/\/adevarul.ro\/stiri-interne\/meteo\/prima-ninsoare-in-statiunile-montane-din-romania-2400941.html\"> aici<\/a><\/p>\n\n\n\n<p><em>\u201e\u00cencep\u00e2nd cu &nbsp;altitudini de peste 1.200 metri, putem s\u0103 avem strat de z\u0103pad\u0103, cea\u021b\u0103, v\u00e2nt puternic, temperaturi negative \u0219i \u00een timpul zilei. Solicita\u021bi informa\u021bii la Salvamont cu privire la starea traseului pe care dori\u021bi sa \u00eel parcurge\u021bi! Nu uita\u021bi, echipele Salvamont, prietenii dumneavoastr\u0103 de n\u0103dejde de pe c\u0103r\u0103rile mun\u021bilor, sunt singurele structuri abilitate legal s\u0103 desf\u0103\u0219oare activit\u0103\u021bi de salvare montan\u0103 a persoanelor accidentate pe munte<\/em>\u201d, a transmis, luni, Salvamont Rom\u00e2nia.<\/p>\n\n\n\n<figure class=\"wp-block-image size-large\"><img loading=\"lazy\" decoding=\"async\" width=\"800\" height=\"534\" data-attachment-id=\"117686\" data-permalink=\"https:\/\/realitatearutiera.ro\/?attachment_id=117686\" data-orig-file=\"https:\/\/i0.wp.com\/realitatearutiera.ro\/wp-content\/uploads\/2024\/11\/image-1.png?fit=1125%2C750&amp;ssl=1\" data-orig-size=\"1125,750\" data-comments-opened=\"1\" data-image-meta=\"{&quot;aperture&quot;:&quot;0&quot;,&quot;credit&quot;:&quot;&quot;,&quot;camera&quot;:&quot;&quot;,&quot;caption&quot;:&quot;&quot;,&quot;created_timestamp&quot;:&quot;0&quot;,&quot;copyright&quot;:&quot;&quot;,&quot;focal_length&quot;:&quot;0&quot;,&quot;iso&quot;:&quot;0&quot;,&quot;shutter_speed&quot;:&quot;0&quot;,&quot;title&quot;:&quot;&quot;,&quot;orientation&quot;:&quot;0&quot;}\" data-image-title=\"image\" data-image-description=\"\" data-medium-file=\"https:\/\/i0.wp.com\/realitatearutiera.ro\/wp-content\/uploads\/2024\/11\/image-1.png?fit=300%2C200&amp;ssl=1\" data-large-file=\"https:\/\/i0.wp.com\/realitatearutiera.ro\/wp-content\/uploads\/2024\/11\/image-1.png?fit=800%2C534&amp;ssl=1\" src=\"https:\/\/i1.wp.com\/realitatearutiera.ro\/wp-content\/uploads\/2024\/11\/image-1-1024x683.png?resize=800%2C534&#038;ssl=1\" alt=\"\" class=\"wp-image-117686\" srcset=\"https:\/\/i0.wp.com\/realitatearutiera.ro\/wp-content\/uploads\/2024\/11\/image-1.png?resize=1024%2C683&amp;ssl=1 1024w, https:\/\/i0.wp.com\/realitatearutiera.ro\/wp-content\/uploads\/2024\/11\/image-1.png?resize=300%2C200&amp;ssl=1 300w, https:\/\/i0.wp.com\/realitatearutiera.ro\/wp-content\/uploads\/2024\/11\/image-1.png?resize=768%2C512&amp;ssl=1 768w, https:\/\/i0.wp.com\/realitatearutiera.ro\/wp-content\/uploads\/2024\/11\/image-1.png?w=1125&amp;ssl=1 1125w\" sizes=\"auto, (max-width: 800px) 100vw, 800px\" data-recalc-dims=\"1\" \/><\/figure>\n\n\n\n<p>Drum din Retezat, spre Pietrele, acoperit cu ghea\u021b\u0103. Foto: Daniel Gu\u021b\u0103 ADEV\u0102RUL<\/p>\n\n\n\n<p>Apropierea iernii face drumurile \u0219i potecile de munte mai greu accesibile, vremea devine mai rece \u0219i mai capricioas\u0103 \u0219i zilele mai scurte, lucruri de care cei care pl\u0103nuiesc expedi\u021biile montane sunt obliga\u021bi s\u0103 \u021bin\u0103 cont. Salvamonti\u0219tii recomand\u0103 alegerea atent\u0103 a traseelor de&nbsp;<a href=\"https:\/\/adevarul.ro\/stiri-locale\/hunedoara\/recomandari-pentru-drumetiile-pe-munte-iarna-2220371.html\">munte pe care turi\u0219tii vor s\u0103 le exploreze.<\/a><\/p>\n\n\n\n<p>De asemenea, amatorii de drume\u021bii sunt sf\u0103tui\u021bi ca \u00eentotdeauna \u00eenainte de a porni la drum \u00een aceast\u0103 perioad\u0103 s\u0103 verifice prognoza meteorologic\u0103 din zona unde c\u0103l\u0103toresc \u0219i condi\u021biile de ascensiune pe munte.<\/p>\n\n\n\n<p>Pe unele trasee populare, cum este drumul spre cabanele Pietrele \u0219i Gen\u021biana din Retezat (<em><strong>video Adev\u0103rul<\/strong><\/em>) de\u0219i nu a nins, ghea\u021ba acoper\u0103 o mare parte din drumului, iar riscul unor accidente este ridicat.<\/p>\n\n\n\n<p>Video <a href=\"https:\/\/adevarul.ro\/stiri-interne\/meteo\/prima-ninsoare-in-statiunile-montane-din-romania-2400941.html\">aici<\/a><\/p>\n\n\n\n<p>Din cauza condi\u021biilor meteorologice de pe munte, a riscurilor mai ridicate de accidentare, a timpului \u00eendelungat \u00een care pot fi parcurse \u00een \u00eentregime, a riscului de avalan\u0219e \u0219i chiar a ce\u021bii, odat\u0103 cu venirea iernii, mai multe trasee alpine din mun\u021bii Retezat \u0219i Par\u00e2ng nu mai sunt recomandate turi\u0219tilor.<\/p>\n\n\n\n<p>Turi\u0219tii care pornesc totu\u0219i la drum trebuie s\u0103 acorde importan\u021b\u0103 calit\u0103\u021bii echipamentelor \u0219i \u00eembr\u0103c\u0103min\u021bii. Trebuie s\u0103 r\u0103m\u00e2n\u0103 hidrata\u021bi \u0219i hr\u0103ni\u021bi, lucruri necesare \u00een reglarea temperaturii corpului.<\/p>\n\n\n\n<p>De\u0219i c\u0103l\u0103toriile la munte sunt, pentru mul\u021bi turi\u0219ti, un mijloc de a r\u0103m\u00e2ne activi pe tot parcursul anului, fiind considerate revigorante \u0219i benefice pentru s\u0103n\u0103tate, este recomandat\u0103 evitarea ac\u021biunilor riscante.<\/p>\n\n\n\n<p>Sursa:adevarul<\/p>\n","protected":false},"excerpt":{"rendered":"<p>Primii fulgi de z\u0103pad\u0103 s-au a\u0219ternut, luni diminea\u021b\u0103, \u00een sta\u021biunea montan\u0103 Straja din Hunedoara, semn c\u0103 iarna se apropie cu<\/p>\n","protected":false},"author":1,"featured_media":92205,"comment_status":"open","ping_status":"closed","sticky":false,"template":"","format":"standard","meta":{"spay_email":"","footnotes":"","jetpack_publicize_message":""},"categories":[53],"tags":[],"class_list":["post-117685","post","type-post","status-publish","format-standard","has-post-thumbnail","hentry","category-periplu-prin-romania"],"jetpack_featured_media_url":"https:\/\/i1.wp.com\/realitatearutiera.ro\/wp-content\/uploads\/2022\/11\/drumetii-pe-munte-iarna.jpg?fit=1000%2C525&ssl=1","jetpack_publicize_connections":[],"jetpack_sharing_enabled":true,"jetpack_shortlink":"https:\/\/wp.me\/p61naM-uC9","jetpack-related-posts":[],"_links":{"self":[{"href":"https:\/\/realitatearutiera.ro\/index.php?rest_route=\/wp\/v2\/posts\/117685","targetHints":{"allow":["GET"]}}],"collection":[{"href":"https:\/\/realitatearutiera.ro\/index.php?rest_route=\/wp\/v2\/posts"}],"about":[{"href":"https:\/\/realitatearutiera.ro\/index.php?rest_route=\/wp\/v2\/types\/post"}],"author":[{"embeddable":true,"href":"https:\/\/realitatearutiera.ro\/index.php?rest_route=\/wp\/v2\/users\/1"}],"replies":[{"embeddable":true,"href":"https:\/\/realitatearutiera.ro\/index.php?rest_route=%2Fwp%2Fv2%2Fcomments&post=117685"}],"version-history":[{"count":1,"href":"https:\/\/realitatearutiera.ro\/index.php?rest_route=\/wp\/v2\/posts\/117685\/revisions"}],"predecessor-version":[{"id":117687,"href":"https:\/\/realitatearutiera.ro\/index.php?rest_route=\/wp\/v2\/posts\/117685\/revisions\/117687"}],"wp:featuredmedia":[{"embeddable":true,"href":"https:\/\/realitatearutiera.ro\/index.php?rest_route=\/wp\/v2\/media\/92205"}],"wp:attachment":[{"href":"https:\/\/realitatearutiera.ro\/index.php?rest_route=%2Fwp%2Fv2%2Fmedia&parent=117685"}],"wp:term":[{"taxonomy":"category","embeddable":true,"href":"https:\/\/realitatearutiera.ro\/index.php?rest_route=%2Fwp%2Fv2%2Fcategories&post=117685"},{"taxonomy":"post_tag","embeddable":true,"href":"https:\/\/realitatearutiera.ro\/index.php?rest_route=%2Fwp%2Fv2%2Ftags&post=117685"}],"curies":[{"name":"wp","href":"https:\/\/api.w.org\/{rel}","templated":true}]}}