{"id":117764,"date":"2024-11-13T10:39:38","date_gmt":"2024-11-13T08:39:38","guid":{"rendered":"https:\/\/realitatearutiera.ro\/?p=117764"},"modified":"2024-11-13T10:39:55","modified_gmt":"2024-11-13T08:39:55","slug":"mae-a-emis-atentionare-de-calatorie-pentru-romani-in-valencia-si-alicante","status":"publish","type":"post","link":"https:\/\/realitatearutiera.ro\/?p=117764","title":{"rendered":"MAE a emis aten\u0163ionare de c\u0103l\u0103torie pentru rom\u00e2ni \u00a0\u00een Valencia \u015fi Alicante"},"content":{"rendered":"\n<p>Autorit\u0103\u0163ile locale&nbsp;au emis&nbsp;o avertizare de cod portocaliu de fenomene meteorologice adverse, respectiv ploi abundente \u015fi furtuni, pentru zona de litoral sud a Provinciei Valencia \u015fi litoral nord a Provinciei Alicante, valabile p\u00e2n\u0103 miercuri noapte. MAE a emis o aten\u0163ionare de c\u0103l\u0103torie pentru rom\u00e2ni.<a href=\"https:\/\/observatornews.ro\/autori\/redactia-observator-id29.html\"><\/a><\/p>\n\n\n\n<p><img loading=\"lazy\" decoding=\"async\" src=\"https:\/\/img.observatornews.ro\/0\/2024\/11\/13\/599744\/profimedia-0933557938-7b6fdd6a.webp?w=430&amp;f=2&amp;v=2\" alt=\"Cod portocaliu de ploi toren\u0163iale \u015fi furtuni \u00een Valencia \u015fi Alicante. MAE a emis aten\u0163ionare de c\u0103l\u0103torie pentru rom\u00e2ni\" width=\"430\" height=\"320\"><\/p>\n\n\n\n<p>Cod portocaliu de ploi toren\u0163iale \u015fi furtuni \u00een Valencia \u015fi Alicante. MAE a emis aten\u0163ionare de c\u0103l\u0103torie pentru rom\u00e2ni &#8211; Profimedia<\/p>\n\n\n\n<p>Ministerul Afacerilor Externe (MAE) informeaz\u0103 rom\u00e2nii care se afl\u0103, tranziteaz\u0103 sau pl\u0103nuiesc s\u0103 c\u0103l\u0103toreasc\u0103 \u00een Comunitatea Valencian\u0103, Spania, c\u0103 Agen\u021bia Meteorologic\u0103 de Stat (AEMET) \u0219i Centrul de Coordonare a Urgen\u021belor (CCE) au emis o avertizare de cod portocaliu pentru fenomene meteorologice severe, inclusiv ploi \u0219i furtuni abundente.<\/p>\n\n\n\n<h2 class=\"wp-block-heading\">Regiunile afectate de inunda\u0163ii<\/h2>\n\n\n\n<p>Regiunile afectate sunt litoralul sudic al provinciei Valencia \u0219i litoralul nordic al provinciei Alicante, unde precipita\u021biile ar putea ajunge la 120 mm \u00een 12 ore. Codul portocaliu r\u0103m\u00e2ne valabil p\u00e2n\u0103 miercuri, ora local\u0103 23:59.<\/p>\n\n\n\n<p>Mai mult, pentru alte zone din Alicante \u0219i Castellon au fost emise avertiz\u0103ri de cod galben pentru ploi \u0219i v\u00e2nt puternic, cu rafale de p\u00e2n\u0103 la 60 km\/h \u0219i valuri de 3-4 metri, aceste alerte fiind active p\u00e2n\u0103 miercuri, \u00een func\u021bie de zon\u0103.<\/p>\n\n\n\n<p>Cet\u0103\u0163enii rom\u00e2ni pot solicita asisten\u0163\u0103 consular\u0103 la urm\u0103toarele numere de telefon ale&nbsp;Consulatului Rom\u00e2niei la Castellon de la Plana: +34 964.203.331; +34 964.216.008; +34 964.217.836; +34 964.203.234; +34 964.216.172; +34.964.212.446,&nbsp;apelurile fiind redirec\u0163ionate c\u0103tre Centrul de Contact \u015fi Suport al Cet\u0103\u0163enilor Rom\u00e2ni din Str\u0103in\u0103tate \u015fi preluate de operatorii Call Center \u00een regim de permanen\u0163\u0103.<\/p>\n\n\n\n<p>Totodat\u0103, cet\u0103\u0163enii rom\u00e2ni care se confrunt\u0103 cu o situa\u0163ie dificil\u0103, special\u0103, cu caracter de urgen\u0163\u0103, au la dispozi\u0163ie \u015fi telefonul de urgen\u0163\u0103 al&nbsp;Consulatului Rom\u00e2niei la Castellon de la Plana: +34 677 842 467.<\/p>\n\n\n\n<p>Sursa\/foto:observatornews<\/p>\n","protected":false},"excerpt":{"rendered":"<p>Autorit\u0103\u0163ile locale&nbsp;au emis&nbsp;o avertizare de cod portocaliu de fenomene meteorologice adverse, respectiv ploi abundente \u015fi furtuni, pentru zona de litoral<\/p>\n","protected":false},"author":1,"featured_media":117765,"comment_status":"open","ping_status":"closed","sticky":false,"template":"","format":"standard","meta":{"spay_email":"","footnotes":"","jetpack_publicize_message":""},"categories":[12],"tags":[],"class_list":["post-117764","post","type-post","status-publish","format-standard","has-post-thumbnail","hentry","category-stiri-internationale"],"jetpack_featured_media_url":"https:\/\/realitatearutiera.ro\/wp-content\/uploads\/2024\/11\/img-1.webp","jetpack_publicize_connections":[],"jetpack_sharing_enabled":true,"jetpack_shortlink":"https:\/\/wp.me\/p61naM-uDq","jetpack-related-posts":[],"_links":{"self":[{"href":"https:\/\/realitatearutiera.ro\/index.php?rest_route=\/wp\/v2\/posts\/117764","targetHints":{"allow":["GET"]}}],"collection":[{"href":"https:\/\/realitatearutiera.ro\/index.php?rest_route=\/wp\/v2\/posts"}],"about":[{"href":"https:\/\/realitatearutiera.ro\/index.php?rest_route=\/wp\/v2\/types\/post"}],"author":[{"embeddable":true,"href":"https:\/\/realitatearutiera.ro\/index.php?rest_route=\/wp\/v2\/users\/1"}],"replies":[{"embeddable":true,"href":"https:\/\/realitatearutiera.ro\/index.php?rest_route=%2Fwp%2Fv2%2Fcomments&post=117764"}],"version-history":[{"count":1,"href":"https:\/\/realitatearutiera.ro\/index.php?rest_route=\/wp\/v2\/posts\/117764\/revisions"}],"predecessor-version":[{"id":117766,"href":"https:\/\/realitatearutiera.ro\/index.php?rest_route=\/wp\/v2\/posts\/117764\/revisions\/117766"}],"wp:featuredmedia":[{"embeddable":true,"href":"https:\/\/realitatearutiera.ro\/index.php?rest_route=\/wp\/v2\/media\/117765"}],"wp:attachment":[{"href":"https:\/\/realitatearutiera.ro\/index.php?rest_route=%2Fwp%2Fv2%2Fmedia&parent=117764"}],"wp:term":[{"taxonomy":"category","embeddable":true,"href":"https:\/\/realitatearutiera.ro\/index.php?rest_route=%2Fwp%2Fv2%2Fcategories&post=117764"},{"taxonomy":"post_tag","embeddable":true,"href":"https:\/\/realitatearutiera.ro\/index.php?rest_route=%2Fwp%2Fv2%2Ftags&post=117764"}],"curies":[{"name":"wp","href":"https:\/\/api.w.org\/{rel}","templated":true}]}}