{"id":118321,"date":"2024-11-26T09:11:02","date_gmt":"2024-11-26T07:11:02","guid":{"rendered":"https:\/\/realitatearutiera.ro\/?p=118321"},"modified":"2024-11-26T09:11:04","modified_gmt":"2024-11-26T07:11:04","slug":"accident-pe-str-oasului-din-cluj-napoca","status":"publish","type":"post","link":"https:\/\/realitatearutiera.ro\/?p=118321","title":{"rendered":"\u00a0Accident pe str. Oa\u0219ului din Cluj-Napoca"},"content":{"rendered":"\n<p><strong>Un&nbsp;<a href=\"https:\/\/cluj24.ro\/video-accident-la-baisoara-mai-multe-masini-implicate-intre-care-o-autospeciala-de-politie-care-a-fost-avariata-229165.html\" target=\"_blank\" rel=\"noreferrer noopener\">accident<\/a>&nbsp;a avut loc, mar\u021bi diminea\u021ba, pe str. Oa\u0219ului din Cluj-Napoca. Au fost implicate o autoutilitar\u0103 \u0219i un autoturism. Un b\u0103rbat a fost transportat la spital cu traumatism cranian.<\/strong><\/p>\n\n\n\n<figure class=\"wp-block-image size-full is-resized\"><img loading=\"lazy\" decoding=\"async\" width=\"800\" height=\"574\" data-attachment-id=\"118322\" data-permalink=\"https:\/\/realitatearutiera.ro\/?attachment_id=118322\" data-orig-file=\"https:\/\/i2.wp.com\/realitatearutiera.ro\/wp-content\/uploads\/2024\/11\/image-39.png?fit=800%2C574&amp;ssl=1\" data-orig-size=\"800,574\" data-comments-opened=\"1\" data-image-meta=\"{&quot;aperture&quot;:&quot;0&quot;,&quot;credit&quot;:&quot;&quot;,&quot;camera&quot;:&quot;&quot;,&quot;caption&quot;:&quot;&quot;,&quot;created_timestamp&quot;:&quot;0&quot;,&quot;copyright&quot;:&quot;&quot;,&quot;focal_length&quot;:&quot;0&quot;,&quot;iso&quot;:&quot;0&quot;,&quot;shutter_speed&quot;:&quot;0&quot;,&quot;title&quot;:&quot;&quot;,&quot;orientation&quot;:&quot;0&quot;}\" data-image-title=\"image\" data-image-description=\"\" data-medium-file=\"https:\/\/i2.wp.com\/realitatearutiera.ro\/wp-content\/uploads\/2024\/11\/image-39.png?fit=300%2C215&amp;ssl=1\" data-large-file=\"https:\/\/i2.wp.com\/realitatearutiera.ro\/wp-content\/uploads\/2024\/11\/image-39.png?fit=800%2C574&amp;ssl=1\" src=\"https:\/\/i2.wp.com\/realitatearutiera.ro\/wp-content\/uploads\/2024\/11\/image-39.png?resize=800%2C574&#038;ssl=1\" alt=\"\" class=\"wp-image-118322\" style=\"width:549px;height:auto\" srcset=\"https:\/\/i2.wp.com\/realitatearutiera.ro\/wp-content\/uploads\/2024\/11\/image-39.png?w=800&amp;ssl=1 800w, https:\/\/i2.wp.com\/realitatearutiera.ro\/wp-content\/uploads\/2024\/11\/image-39.png?resize=300%2C215&amp;ssl=1 300w, https:\/\/i2.wp.com\/realitatearutiera.ro\/wp-content\/uploads\/2024\/11\/image-39.png?resize=768%2C551&amp;ssl=1 768w\" sizes=\"auto, (max-width: 800px) 100vw, 800px\" data-recalc-dims=\"1\" \/><\/figure>\n\n\n\n<p>\u201ePompierii din cadrul Deta\u0219amentului 1 Cluj-Napoca au intervenit \u00een urm\u0103 cu pu\u021bine momente la un accident rutier petrecut pe strada Oa\u0219ului din Cluj-Napoca. For\u021bele noastre au g\u0103sit la fa\u021ba locului un autoturism \u0219i o autoutilitar\u0103 avariate.<\/p>\n\n\n\n<p>Un b\u0103rbat de aproximativ 40 de ani, care prezenta un traumatism cranian \u0219i pierderi a st\u0103rii de con\u0219tien\u021b\u0103, a fost transportat la spital de c\u0103tre echipajul SMURD de terapie intensiv\u0103 mobil\u0103. La misiune au mai luat parte dou\u0103 autospeciale cu modul de descarcerare\u201d, a transmis&nbsp;<a href=\"https:\/\/isucj.igsu.ro\/\" target=\"_blank\" rel=\"noreferrer noopener\">ISU Cluj<\/a>.<\/p>\n\n\n\n<p>Sursa:cluj24<\/p>\n","protected":false},"excerpt":{"rendered":"<p>Un&nbsp;accident&nbsp;a avut loc, mar\u021bi diminea\u021ba, pe str. Oa\u0219ului din Cluj-Napoca. Au fost implicate o autoutilitar\u0103 \u0219i un autoturism. Un b\u0103rbat<\/p>\n","protected":false},"author":1,"featured_media":116298,"comment_status":"open","ping_status":"closed","sticky":false,"template":"","format":"standard","meta":{"spay_email":"","footnotes":"","jetpack_publicize_message":""},"categories":[1],"tags":[],"class_list":["post-118321","post","type-post","status-publish","format-standard","has-post-thumbnail","hentry","category-uncategorized"],"jetpack_featured_media_url":"https:\/\/i1.wp.com\/realitatearutiera.ro\/wp-content\/uploads\/2024\/09\/semn-accident-850x560-1.jpg?fit=850%2C560&ssl=1","jetpack_publicize_connections":[],"jetpack_sharing_enabled":true,"jetpack_shortlink":"https:\/\/wp.me\/p61naM-uMp","jetpack-related-posts":[],"_links":{"self":[{"href":"https:\/\/realitatearutiera.ro\/index.php?rest_route=\/wp\/v2\/posts\/118321","targetHints":{"allow":["GET"]}}],"collection":[{"href":"https:\/\/realitatearutiera.ro\/index.php?rest_route=\/wp\/v2\/posts"}],"about":[{"href":"https:\/\/realitatearutiera.ro\/index.php?rest_route=\/wp\/v2\/types\/post"}],"author":[{"embeddable":true,"href":"https:\/\/realitatearutiera.ro\/index.php?rest_route=\/wp\/v2\/users\/1"}],"replies":[{"embeddable":true,"href":"https:\/\/realitatearutiera.ro\/index.php?rest_route=%2Fwp%2Fv2%2Fcomments&post=118321"}],"version-history":[{"count":1,"href":"https:\/\/realitatearutiera.ro\/index.php?rest_route=\/wp\/v2\/posts\/118321\/revisions"}],"predecessor-version":[{"id":118323,"href":"https:\/\/realitatearutiera.ro\/index.php?rest_route=\/wp\/v2\/posts\/118321\/revisions\/118323"}],"wp:featuredmedia":[{"embeddable":true,"href":"https:\/\/realitatearutiera.ro\/index.php?rest_route=\/wp\/v2\/media\/116298"}],"wp:attachment":[{"href":"https:\/\/realitatearutiera.ro\/index.php?rest_route=%2Fwp%2Fv2%2Fmedia&parent=118321"}],"wp:term":[{"taxonomy":"category","embeddable":true,"href":"https:\/\/realitatearutiera.ro\/index.php?rest_route=%2Fwp%2Fv2%2Fcategories&post=118321"},{"taxonomy":"post_tag","embeddable":true,"href":"https:\/\/realitatearutiera.ro\/index.php?rest_route=%2Fwp%2Fv2%2Ftags&post=118321"}],"curies":[{"name":"wp","href":"https:\/\/api.w.org\/{rel}","templated":true}]}}