{"id":118390,"date":"2024-11-27T08:48:37","date_gmt":"2024-11-27T06:48:37","guid":{"rendered":"https:\/\/realitatearutiera.ro\/?p=118390"},"modified":"2024-11-27T08:48:38","modified_gmt":"2024-11-27T06:48:38","slug":"judetul-calarasi-trafic-ingreunat-pe-dn-4-din-cauza-unui-accident-2","status":"publish","type":"post","link":"https:\/\/realitatearutiera.ro\/?p=118390","title":{"rendered":"JUDE\u021aUL C\u0102L\u0102RA\u0218I: TRAFIC \u00ceNGREUNAT PE DN 4, DIN CAUZA UNUI ACCIDENT"},"content":{"rendered":"\n<p><strong>Ora:&nbsp;<\/strong>08:15<\/p>\n\n\n\n<p><strong>Centrul INFOTRAFIC din Inspectoratul General al Poli\u021biei Rom\u00e2ne&nbsp;<\/strong>informeaz\u0103 c\u0103, din cauza unei coliziuni dintre trei autoturisme, traficul se desf\u0103\u0219oar\u0103 \u00eengreunat, dirijat, pe DN 4 Olteni\u021ba \u2013 Bucure\u0219ti, \u00een afara localit\u0103\u021bii Frumu\u0219ani, jude\u021bul C\u0103l\u0103ra\u0219i. Dou\u0103 persoane r\u0103nite, con\u0219tiente, necesit\u0103 manevre pentru extragerea din autoturismul avariat.<\/p>\n\n\n\n<p>Se estimeaz\u0103 reluarea circula\u021biei \u00een condi\u021bii normale dup\u0103 ora 09.00.<\/p>\n\n\n\n<p><\/p>\n","protected":false},"excerpt":{"rendered":"<p>Ora:&nbsp;08:15 Centrul INFOTRAFIC din Inspectoratul General al Poli\u021biei Rom\u00e2ne&nbsp;informeaz\u0103 c\u0103, din cauza unei coliziuni dintre trei autoturisme, traficul se desf\u0103\u0219oar\u0103<\/p>\n","protected":false},"author":1,"featured_media":92211,"comment_status":"open","ping_status":"closed","sticky":false,"template":"","format":"standard","meta":{"spay_email":"","footnotes":"","jetpack_publicize_message":""},"categories":[54],"tags":[],"class_list":["post-118390","post","type-post","status-publish","format-standard","has-post-thumbnail","hentry","category-informatii-rutiere"],"jetpack_featured_media_url":"https:\/\/realitatearutiera.ro\/wp-content\/uploads\/2022\/11\/info-trafic-observatorulnational-1.webp","jetpack_publicize_connections":[],"jetpack_sharing_enabled":true,"jetpack_shortlink":"https:\/\/wp.me\/p61naM-uNw","jetpack-related-posts":[],"_links":{"self":[{"href":"https:\/\/realitatearutiera.ro\/index.php?rest_route=\/wp\/v2\/posts\/118390","targetHints":{"allow":["GET"]}}],"collection":[{"href":"https:\/\/realitatearutiera.ro\/index.php?rest_route=\/wp\/v2\/posts"}],"about":[{"href":"https:\/\/realitatearutiera.ro\/index.php?rest_route=\/wp\/v2\/types\/post"}],"author":[{"embeddable":true,"href":"https:\/\/realitatearutiera.ro\/index.php?rest_route=\/wp\/v2\/users\/1"}],"replies":[{"embeddable":true,"href":"https:\/\/realitatearutiera.ro\/index.php?rest_route=%2Fwp%2Fv2%2Fcomments&post=118390"}],"version-history":[{"count":1,"href":"https:\/\/realitatearutiera.ro\/index.php?rest_route=\/wp\/v2\/posts\/118390\/revisions"}],"predecessor-version":[{"id":118391,"href":"https:\/\/realitatearutiera.ro\/index.php?rest_route=\/wp\/v2\/posts\/118390\/revisions\/118391"}],"wp:featuredmedia":[{"embeddable":true,"href":"https:\/\/realitatearutiera.ro\/index.php?rest_route=\/wp\/v2\/media\/92211"}],"wp:attachment":[{"href":"https:\/\/realitatearutiera.ro\/index.php?rest_route=%2Fwp%2Fv2%2Fmedia&parent=118390"}],"wp:term":[{"taxonomy":"category","embeddable":true,"href":"https:\/\/realitatearutiera.ro\/index.php?rest_route=%2Fwp%2Fv2%2Fcategories&post=118390"},{"taxonomy":"post_tag","embeddable":true,"href":"https:\/\/realitatearutiera.ro\/index.php?rest_route=%2Fwp%2Fv2%2Ftags&post=118390"}],"curies":[{"name":"wp","href":"https:\/\/api.w.org\/{rel}","templated":true}]}}