{"id":118716,"date":"2024-12-05T11:12:47","date_gmt":"2024-12-05T09:12:47","guid":{"rendered":"https:\/\/realitatearutiera.ro\/?p=118716"},"modified":"2024-12-05T11:12:49","modified_gmt":"2024-12-05T09:12:49","slug":"judetul-valcea-circulatie-dirijata-pe-dn-7-in-urma-unui-accident-rutier","status":"publish","type":"post","link":"https:\/\/realitatearutiera.ro\/?p=118716","title":{"rendered":"JUDE\u021aUL V\u00c2LCEA: CIRCULA\u021aIE DIRIJAT\u0102 PE DN 7, \u00ceN URMA UNUI ACCIDENT RUTIER"},"content":{"rendered":"\n<p><strong>Ora:&nbsp;<\/strong>11:05<\/p>\n\n\n\n<p><strong>Centrul INFOTRAFIC din Inspectoratul General al Poli\u021biei Rom\u00e2ne&nbsp;<\/strong>informeaz\u0103 c\u0103 traficul rutier se desf\u0103\u0219oar\u0103 pe un singur fir, alternativ, prin dirijarea poli\u021bi\u0219tilor, pe DN 7, \u00een zona localit\u0103\u021bii Bujoreni, jude\u021bul V\u00e2lcea, ca urmare a unui accident rutier \u00een care au fost implicate dou\u0103 autoturisme. O persoan\u0103 r\u0103nit\u0103 este evaluat\u0103 medical la fa\u021ba locului. Valorile de trafic sunt \u00een cre\u0219tere.<\/p>\n\n\n\n<p>Se estimeaz\u0103 reluarea circula\u021biei rutiere \u00een 30 de minute.<\/p>\n","protected":false},"excerpt":{"rendered":"<p>Ora:&nbsp;11:05 Centrul INFOTRAFIC din Inspectoratul General al Poli\u021biei Rom\u00e2ne&nbsp;informeaz\u0103 c\u0103 traficul rutier se desf\u0103\u0219oar\u0103 pe un singur fir, alternativ, prin<\/p>\n","protected":false},"author":1,"featured_media":92211,"comment_status":"open","ping_status":"closed","sticky":false,"template":"","format":"standard","meta":{"spay_email":"","footnotes":"","jetpack_publicize_message":""},"categories":[54],"tags":[],"class_list":["post-118716","post","type-post","status-publish","format-standard","has-post-thumbnail","hentry","category-informatii-rutiere"],"jetpack_featured_media_url":"https:\/\/realitatearutiera.ro\/wp-content\/uploads\/2022\/11\/info-trafic-observatorulnational-1.webp","jetpack_publicize_connections":[],"jetpack_sharing_enabled":true,"jetpack_shortlink":"https:\/\/wp.me\/p61naM-uSM","jetpack-related-posts":[],"_links":{"self":[{"href":"https:\/\/realitatearutiera.ro\/index.php?rest_route=\/wp\/v2\/posts\/118716","targetHints":{"allow":["GET"]}}],"collection":[{"href":"https:\/\/realitatearutiera.ro\/index.php?rest_route=\/wp\/v2\/posts"}],"about":[{"href":"https:\/\/realitatearutiera.ro\/index.php?rest_route=\/wp\/v2\/types\/post"}],"author":[{"embeddable":true,"href":"https:\/\/realitatearutiera.ro\/index.php?rest_route=\/wp\/v2\/users\/1"}],"replies":[{"embeddable":true,"href":"https:\/\/realitatearutiera.ro\/index.php?rest_route=%2Fwp%2Fv2%2Fcomments&post=118716"}],"version-history":[{"count":1,"href":"https:\/\/realitatearutiera.ro\/index.php?rest_route=\/wp\/v2\/posts\/118716\/revisions"}],"predecessor-version":[{"id":118717,"href":"https:\/\/realitatearutiera.ro\/index.php?rest_route=\/wp\/v2\/posts\/118716\/revisions\/118717"}],"wp:featuredmedia":[{"embeddable":true,"href":"https:\/\/realitatearutiera.ro\/index.php?rest_route=\/wp\/v2\/media\/92211"}],"wp:attachment":[{"href":"https:\/\/realitatearutiera.ro\/index.php?rest_route=%2Fwp%2Fv2%2Fmedia&parent=118716"}],"wp:term":[{"taxonomy":"category","embeddable":true,"href":"https:\/\/realitatearutiera.ro\/index.php?rest_route=%2Fwp%2Fv2%2Fcategories&post=118716"},{"taxonomy":"post_tag","embeddable":true,"href":"https:\/\/realitatearutiera.ro\/index.php?rest_route=%2Fwp%2Fv2%2Ftags&post=118716"}],"curies":[{"name":"wp","href":"https:\/\/api.w.org\/{rel}","templated":true}]}}