{"id":118727,"date":"2024-12-06T08:19:17","date_gmt":"2024-12-06T06:19:17","guid":{"rendered":"https:\/\/realitatearutiera.ro\/?p=118727"},"modified":"2024-12-06T08:19:36","modified_gmt":"2024-12-06T06:19:36","slug":"vremea-159","status":"publish","type":"post","link":"https:\/\/realitatearutiera.ro\/?p=118727","title":{"rendered":"Vremea"},"content":{"rendered":"\n<figure class=\"wp-block-image\"><img decoding=\"async\" src=\"https:\/\/i2.wp.com\/image.stirileprotv.ro\/media\/images\/1920x1080\/Dec2024\/62503408.jpg?w=800&#038;ssl=1\" alt=\"Vremea azi, 6 decembrie. Temperaturi sc\u0103zute \u00een toat\u0103 \u021bara. Zonele \u00een care sunt anun\u021bate precipita\u021bii\" data-recalc-dims=\"1\"\/><figcaption class=\"wp-element-caption\">Shutterstock<\/figcaption><\/figure>\n\n\n\n<p>Ast\u0103zi cerul r\u0103m\u00e2ne acoperit de nori. Ploile vin \u00een sud \u0219i \u00een sud-est, iar c\u0103tre sear\u0103 o s\u0103 plou\u0103 slab \u00een regiunile vestice \u0219i \u00een cele nord-vestice.<\/p>\n\n\n\n<p>\u00cen Transilvania \u0219i, posibil, \u00een nordul Moldovei \u0219i \u00een Maramure\u0219, diminea\u021ba ninge slab, apoi o s\u0103 cad\u0103 lapovi\u021b\u0103. Maximele pleac\u0103 de la 2 grade \u00een Bucovina \u0219i ajung p\u00e2n\u0103 la 11 grade pe litoral.<\/p>\n\n\n\n<p>\u00cen&nbsp;<strong>Dobrogea<\/strong>&nbsp;\u0219i cu&nbsp;<strong>B\u0103r\u0103gan<\/strong>&nbsp;domin\u0103 atmosfera \u00eenchis\u0103, diminea\u021ba s-ar putea s\u0103 fie un pic de lapovi\u021b\u0103, apoi o s\u0103 plou\u0103 din c\u00e2nd \u00een c\u00e2nd. Temperaturile, mai ridicate dec\u00e2t ieri, se opresc la 11 grade.<\/p>\n\n\n\n<p><a href=\"https:\/\/stirileprotv.ro\/alegeri\/\"><\/a><\/p>\n\n\n\n<p>Mai sus, \u00een&nbsp;<strong>Moldova sudic\u0103<\/strong>&nbsp;\u0219i \u00een&nbsp;<strong>nordul Munteniei<\/strong>, cerul r\u0103m\u00e2ne acoperit toat\u0103 ziua, vin c\u00e2teva ploi, iar la munte ninge \u0219i se depune strat nou de z\u0103pad\u0103. Ieri, la Br\u0103ila, au fost 4 grade, dar ast\u0103zi se \u00eenc\u0103lze\u0219te \u0219i vor fi 8 grade.<\/p>\n\n\n\n<p>\u00cen jum\u0103tatea nordic\u0103 a&nbsp;<strong>Moldovei<\/strong>&nbsp;\u0219i \u00een&nbsp;<strong>Bucovina<\/strong>&nbsp;se anun\u021b\u0103 o zi mohor\u00e2t\u0103, cu ploi slabe izolate sau un pic de lapovi\u021b\u0103. Temperaturile, mai sc\u0103zute dec\u00e2t \u00een celelalte regiuni, pornesc de la 2 grade la Suceava \u0219i se opresc la 4 grade \u00een zona Bac\u0103ului.<\/p>\n\n\n\n<figure class=\"wp-block-image\"><a href=\"https:\/\/stirileprotv.ro\/stiri\/vremea\/vremea-azi-5-decembrie-temperaturi-scazute-in-toata-tara-unde-va-ninge-si-care-sunt-maximele-zilei.html\"><img decoding=\"async\" src=\"https:\/\/i0.wp.com\/image.stirileprotv.ro\/media\/images\/800x450\/Mar2024\/62436001.jpg?w=800&#038;ssl=1\" alt=\"ninsoare craiova\" data-recalc-dims=\"1\"\/><\/a><\/figure>\n\n\n\n<p>\u00cen&nbsp;<strong>nordul Transilvaniei<\/strong>&nbsp;\u0219i \u00een&nbsp;<strong>Maramure\u0219<\/strong>, \u00eennor\u0103rile persist\u0103. Apar precipita\u021bii mai ales sub form\u0103 de ploaie \u0219i se \u00eenc\u0103lze\u0219te u\u0219or. Se ating 6 grade \u00een Maramure\u0219.<\/p>\n\n\n\n<p>Se mai \u00eenc\u0103lze\u0219te \u0219i \u00een \u021binuturile vestice. Cerul r\u0103m\u00e2ne acoperit de nori pe tot parcursul zilei, o s\u0103 plou\u0103, iar v\u00e2ntul va avea unele intensific\u0103ri \u00een&nbsp;<strong>sudul Banatului<\/strong>. Dup\u0103 pr\u00e2nz, se ating 8 grade la Timi\u0219oara.<\/p>\n\n\n\n<p>\u00cen&nbsp;<strong>Transilvania<\/strong>, g\u0103sim mul\u021bi nori, ceva fulguieli diminea\u021ba \u0219i poate pu\u021bin\u0103 lapovi\u021b\u0103 mai t\u00e2rziu. Vor fi condi\u021bii de polei, iar la amiaz\u0103 vor fi 7 grade pe la T\u00e2rgu Mure\u0219.<\/p>\n\n\n\n<p>\u00cen&nbsp;<strong>Oltenia<\/strong>, se anun\u021b\u0103 o zi nepl\u0103cut\u0103 cu \u00eennor\u0103ri \u0219i ploi \u00een multe zone. Temperaturile se opresc la 4 grade.<\/p>\n\n\n\n<p>Cerul r\u0103m\u00e2ne acoperit de nori \u0219i \u00een \u021binuturile sudice, o s\u0103 plou\u0103 temporar \u0219i se \u00eenc\u0103lze\u0219te u\u0219or.<\/p>\n\n\n\n<h2 class=\"wp-block-heading\">Vremea \u00een Capital\u0103 \u0219i la munte<\/h2>\n\n\n\n<p>\u00cen&nbsp;<strong>Bucure\u0219ti<\/strong>, ast\u0103zi vremea r\u0103m\u00e2ne \u00eenchis\u0103, diminea\u021ba sunt posibile precipita\u021bii sub form\u0103 de lapovi\u021b\u0103, apoi o s\u0103 plou\u0103 din c\u00e2nd \u00een c\u00e2nd. Dup\u0103 pr\u00e2nz, se ating \u00een jur de 5 grade.<\/p>\n\n\n\n<p>\u00cen zonele de munte, \u00eennor\u0103rile persist\u0103 \u0219i o s\u0103 ning\u0103 mai ales \u00een Carpa\u021bii Meridionali \u0219i \u00een Carpa\u021bii de Curbur\u0103, pe unde se va depune strat nou de z\u0103pad\u0103. V\u00e2ntul va avea unele porniri la altitudini mari, cu viteze de p\u00e2n\u0103 la 60 km\/h.<\/p>\n\n\n\n<p>Sursa:stirileprotv<\/p>\n","protected":false},"excerpt":{"rendered":"<p>Ast\u0103zi cerul r\u0103m\u00e2ne acoperit de nori. Ploile vin \u00een sud \u0219i \u00een sud-est, iar c\u0103tre sear\u0103 o s\u0103 plou\u0103 slab<\/p>\n","protected":false},"author":1,"featured_media":101870,"comment_status":"open","ping_status":"closed","sticky":false,"template":"","format":"standard","meta":{"spay_email":"","footnotes":"","jetpack_publicize_message":""},"categories":[6],"tags":[],"class_list":["post-118727","post","type-post","status-publish","format-standard","has-post-thumbnail","hentry","category-social"],"jetpack_featured_media_url":"https:\/\/i1.wp.com\/realitatearutiera.ro\/wp-content\/uploads\/2023\/08\/prognoza-meteo-4-saptamani-vremea-816126.jpg?fit=970%2C545&ssl=1","jetpack_publicize_connections":[],"jetpack_sharing_enabled":true,"jetpack_shortlink":"https:\/\/wp.me\/p61naM-uSX","jetpack-related-posts":[],"_links":{"self":[{"href":"https:\/\/realitatearutiera.ro\/index.php?rest_route=\/wp\/v2\/posts\/118727","targetHints":{"allow":["GET"]}}],"collection":[{"href":"https:\/\/realitatearutiera.ro\/index.php?rest_route=\/wp\/v2\/posts"}],"about":[{"href":"https:\/\/realitatearutiera.ro\/index.php?rest_route=\/wp\/v2\/types\/post"}],"author":[{"embeddable":true,"href":"https:\/\/realitatearutiera.ro\/index.php?rest_route=\/wp\/v2\/users\/1"}],"replies":[{"embeddable":true,"href":"https:\/\/realitatearutiera.ro\/index.php?rest_route=%2Fwp%2Fv2%2Fcomments&post=118727"}],"version-history":[{"count":1,"href":"https:\/\/realitatearutiera.ro\/index.php?rest_route=\/wp\/v2\/posts\/118727\/revisions"}],"predecessor-version":[{"id":118728,"href":"https:\/\/realitatearutiera.ro\/index.php?rest_route=\/wp\/v2\/posts\/118727\/revisions\/118728"}],"wp:featuredmedia":[{"embeddable":true,"href":"https:\/\/realitatearutiera.ro\/index.php?rest_route=\/wp\/v2\/media\/101870"}],"wp:attachment":[{"href":"https:\/\/realitatearutiera.ro\/index.php?rest_route=%2Fwp%2Fv2%2Fmedia&parent=118727"}],"wp:term":[{"taxonomy":"category","embeddable":true,"href":"https:\/\/realitatearutiera.ro\/index.php?rest_route=%2Fwp%2Fv2%2Fcategories&post=118727"},{"taxonomy":"post_tag","embeddable":true,"href":"https:\/\/realitatearutiera.ro\/index.php?rest_route=%2Fwp%2Fv2%2Ftags&post=118727"}],"curies":[{"name":"wp","href":"https:\/\/api.w.org\/{rel}","templated":true}]}}