{"id":119003,"date":"2024-12-12T08:53:24","date_gmt":"2024-12-12T06:53:24","guid":{"rendered":"https:\/\/realitatearutiera.ro\/?p=119003"},"modified":"2024-12-12T08:53:26","modified_gmt":"2024-12-12T06:53:26","slug":"sfantului-spiridon-facatorul-de-minuni-ce-sa-nu-faci-pe-12-decembrie-si-cum-sa-atragi-bunastarea-in-casa","status":"publish","type":"post","link":"https:\/\/realitatearutiera.ro\/?p=119003","title":{"rendered":"Sf\u00e2ntului Spiridon, f\u0103c\u0103torul de minuni. Ce s\u0103 nu faci pe 12 decembrie \u0219i cum s\u0103 atragi bun\u0103starea \u00een cas\u0103"},"content":{"rendered":"\n<p>Sf\u00e2ntul Spiridon, episcop al Trimitundei, este s\u0103rb\u0103torit de credincio\u015fi anual, pe data 12 decembrie. Potrivit credin\u021belor din popor, rug\u0103ciune c\u0103tre acesta poate face minuni \u0219i chiar s\u0103 vindece boli.<img loading=\"lazy\" decoding=\"async\" src=\"https:\/\/i1.wp.com\/cdn.adh.reperio.news\/image-9\/9c1d5e2d-3041-4134-8506-ec29e04c92a3\/index.jpeg?resize=800%2C429&#038;ssl=1\" alt=\"Se spune c\u0103 rug\u0103ciunea c\u0103tre Sf Spiridon poate face minuni FOTO crestinortodox.ro\" width=\"800\" height=\"429\"  data-recalc-dims=\"1\"><\/p>\n\n\n\n<p>Se spune c\u0103 rug\u0103ciunea c\u0103tre Sf Spiridon poate face minuni FOTO crestinortodox.ro<\/p>\n\n\n\n<p>Despre Sf\u00e2ntul Spiridon se spune c\u0103 \u00ee\u015fi p\u0103r\u0103se\u015fte racla pentru a veni \u00een ajutorul celor care \u00eei cer sprijin prin rug\u0103ciuni. De-a lungul timpului, clerici au relatat c\u0103 moa\u015ftele sale dispar uneori din biserica din Corfu. C\u00e2nd revin, acestea sunt calde, acoperite de praf \u015fi cu urme de iarb\u0103 \u015fi p\u0103m\u00e2nt, semn c\u0103 ar fi fost&nbsp;<em>&#8220;plecate&#8221;.<\/em><\/p>\n\n\n\n<p>Datorit\u0103 numeroaselor minuni atribuite lui, Sf\u00e2ntul Spiridon a fost numit&nbsp;<em>\u201eSf\u00e2ntul c\u0103l\u0103tor\u201d<\/em>. Se spune c\u0103, ajut\u00e2nd ne\u00eencetat oamenii din \u00eentreaga lume, \u00ee\u015fi toce\u015fte \u00eenc\u0103l\u0163\u0103mintea, ni\u015fte papuci din m\u0103tase, care sunt \u00eenlocui\u0163i periodic.<\/p>\n\n\n\n<p>Astfel, pe 12 decembrie, preo\u0163ii de la catedrala din Corfu \u00eei schimb\u0103 ve\u015fmintele \u015fi \u00eenc\u0103l\u0163\u0103mintea, acestea fiind d\u0103ruite apoi m\u0103n\u0103stirilor ortodoxe din lume. \u00cen Acatistul s\u0103u, aceast\u0103 tradi\u0163ie este amintit\u0103 prin cuvintele:&nbsp;<em>\u201eBucur\u0103-te c\u0103 e\u015fti \u015fi cu oamenii cu trupul petrec\u0103tor; Bucur\u0103-te c\u0103 \u00eenc\u0103l\u0163\u0103mintele tale slujesc ca dovad\u0103\u201c.<\/em><\/p>\n\n\n\n<h2 class=\"wp-block-heading\">Slujb\u0103 \u00een Capital\u0103<\/h2>\n\n\n\n<p>Moa\u0219tele Sf\u00e2ntului Ierarh Spiridon al Trimitundei au fost scoase miercuri sear\u0103 \u0219i depuse spre cinstire la Catedrala Mitropolitan\u0103 din Bucure\u0219ti, al c\u0103rei ocrotitor este, potrivit&nbsp;<a href=\"https:\/\/basilica.ro\/moastele-sf-spiridon-purtate-in-procesiune-la-catedrala-mitropolitana-din-capitala\/\">basilica.ro<\/a><\/p>\n\n\n\n<p>Procesiunea a fost urmat\u0103 de slujba Vecerniei, unit\u0103 cu Litia \u0219i Utrenia.<\/p>\n\n\n\n<p><em>\u201eM\u00e2ine ne a\u0219tept\u0103m s\u0103 fie num\u0103rul cel mai important de credincio\u0219i. A\u0219a ne-am obi\u0219nuit \u00een fiecare an, ca ziua de 12 s\u0103 fie, de diminea\u021ba p\u00e2n\u0103 t\u00e2rziu, spre ora 24:00, o participare foarte important\u0103 a credincio\u0219ilor\u201d<\/em>, a precizat P\u0103rintele Paroh Ionu\u021b-Gabriel Corduneanu, vicar administrativ patriarhal \u0219i slujitor al catedralei.<\/p>\n\n\n\n<p>Sf\u00e2nta Liturghie de hram va fi oficiat\u0103 joi, de la ora 09:00, de Preasfin\u021bitul P\u0103rinte Varlaam Ploie\u0219teanul, Episcop vicar patriarhal.<\/p>\n\n\n\n<h2 class=\"wp-block-heading\">Rug\u0103ciunea care face minuni<\/h2>\n\n\n\n<p><em>\u201eAp\u0103r\u0103torului credin\u021bei s\u0103-i aducem din inim\u0103 m\u0103rturisiri mul\u021bumitoare. To\u021bi care prin ale lui \u00een\u021belepte \u00eenv\u0103\u021b\u0103turi ne-am luminat cu credin\u021ba \u0219i s\u0103-i c\u00e2nt\u0103m. Bucur\u0103-te, Sfinte Ierarhe Spiridon, mare f\u0103c\u0103tor de minuni! Vrednicule p\u0103stor al Bisericii, Sfinte Ierarh Spiridon, de\u015fi nu avem nici vrednicie \u015fi nici pricepere pentru a ne ruga \u0163ie cu potrivite cuvinte. Totu\u015fi venim la tine, sfinte, \u015fi m\u0103rturisindu-ne multele p\u0103cate s\u0103v\u00e2r\u015fite, ne rug\u0103m \u0163ie cu smerenie.<\/em><\/p>\n\n\n\n<p><em>\u00centinde m\u00e2na ta cea dreapt\u0103, cu care de-a lungul vie\u0163ii ai s\u0103v\u00e2r\u015fit at\u00e2tea minuni, \u015fi binecuv\u00e2nteaz\u0103-ne pe noi to\u0163i, cei care venim la tine cu credin\u0163\u0103! N\u0103dejde a celor care \u015fi-au pierdut n\u0103dejdea, m\u00e2ng\u00e2iere a celor nec\u0103ji\u0163i, te rug\u0103m fii mijlocitor pentru sufletele noastre cele \u00eempov\u0103rate de multe ispite \u015fi, cu obi\u015fnuita ta bun\u0103tate \u015fi iubire de oameni, roag\u0103-te c\u0103tre Ziditorul tuturor s\u0103 ne d\u0103ruiasc\u0103 vindecare de feluritele boli ale sufletului.<\/em><\/p>\n\n\n\n<p><em>Sfinte Spiridon, roag\u0103-te pentru noi!<\/em><\/p>\n\n\n\n<p><em>\u00cenvrednice\u015fte-ne \u015fi pe noi, nevrednicii, ca prin mijlocirea ta s\u0103 ne \u00eemp\u0103rt\u0103\u015fim de bun\u0103t\u0103\u0163ile suflete\u015fti \u015fi trupe\u015fti f\u0103g\u0103duite adev\u0103ra\u0163ilor credincio\u015fi. D\u0103ruie\u015fte-ne, sfinte, ajutorul t\u0103u cu care, biruind otr\u0103vitoarele g\u00e2nduri care se lupt\u0103 cu noi ne\u00eencetat, s\u0103 dob\u00e2ndim cele de folos pentru via\u0163a aceasta \u015fi, mai ales, pentru cea viitoare. Bucur\u0103-te, cel ce e\u0219ti cu \u00eengerii slujitor! Bucur\u0103-te, c\u0103 e\u0219ti \u0219i cu oamenii cu trupul petrec\u0103tor! Bucur\u0103-te, al c\u0103rui trup ast\u0103zi s\u0103v\u00e2r\u0219e\u0219te minuni! Bucur\u0103-te, c\u0103 \u00eenc\u0103l\u021b\u0103rile tale slujesc drept dovad\u0103. Amin!\u201d<\/em>.<\/p>\n\n\n\n<h2 class=\"wp-block-heading\">Ce e interzis s\u0103 faci<\/h2>\n\n\n\n<p>\u00cen credin\u0163a popular\u0103 se spune c\u0103 Sf\u00e2ntul Spiridon \u00eei apar\u0103 pe cei care \u00eei cinstesc ziua, trimi\u0163\u00e2ndu-le minuni \u015fi \u00eei pedepse\u015fte pe cei care \u00eel nesocotesc.<\/p>\n\n\n\n<p><em>\u201cPrin tradi\u0163ie, Sf\u00e2ntul Spiridon este patronul cizmarilor, al cojocarilor \u015fi olarilor, care-l cinstesc prin petreceri \u015fi prin voie-bun\u0103. Pentru s\u0103n\u0103tatea \u00eentregii familii, pentru c\u00e2\u015ftig \u015fi pentru spor \u00een cas\u0103, \u00een ziua praznicului nu se lucreaz\u0103 \u00een gospod\u0103rie: nu se coase, nu se spal\u0103 rufe \u015fi nu se face cur\u0103\u0163enie. La sate nu se \u00eenjug\u0103 vitele pentru c\u0103 este r\u0103u de pagub\u0103, iar animalelor de trac\u0163iune li se d\u0103 s\u0103 m\u0103n\u00e2nce f\u00e2nul din m\u00e2n\u0103\u201d<\/em>, spun speciali\u015ftii \u00een Etnografie \u015fi Folclor.<\/p>\n\n\n\n<p><a href=\"https:\/\/adevarul.ro\/stiri-interne\/societate\/superstitii-de-sf-spiridon-mare-facator-de-2323469.html\">Se mai spune c\u0103 \u00een ceast\u0103 zi, s\u0103r\u0103cii se \u00eembog\u0103\u0163esc, iar bolnavii se vindec\u0103.<\/a>&nbsp;Sf\u00e2ntul Spiridon poart\u0103 toate bolile. E \u0163inut ca ap\u0103r\u0103tor de boli de vite, de oameni. \u00cen aceast\u0103 zi, la biseric\u0103 se face agheasm\u0103 care e bun\u0103 pentru bolile primejdioase.<\/p>\n\n\n\n<h2 class=\"wp-block-heading\">Sf\u00e2ntul din insula Corfu<\/h2>\n\n\n\n<p>Sf\u00e2ntul Spiridon s-a n\u0103scut \u00een jurul anului 270, \u00een localitatea Skia din insula Cipru, pe timpul Sf\u00e2ntului \u00cemp\u0103rat Constantin cel Mare, noteaz\u0103 crestinortodox.ro. Spiridon a fost ales episcop al cet\u0103\u0163ii Trimitunda, din apropierea ora\u015fului Pafos, el particip\u00e2nd \u015fi la primul Sinod Ecumenic de la Niceea, \u00een anul 325.<\/p>\n\n\n\n<p>\u00cen jurul anului 295, \u00een timpul persecu\u0163iilor duse de \u00eemp\u0103ratul Maximian, Spiridon este arestat \u015fi exilat pentru o perioad\u0103. Sf\u00e2ntul a murit \u00een anul 348, la v\u00e2rsta de 78 de ani, fiind \u00eengropat \u00een Biserica Sfin\u0163ii Apostoli din Trimitunda. \u00cen anul 1453, moa\u015ftele Sf\u00e2ntului Spiridon au fost duse \u00een Serbia, iar apoi au fost mutate \u00een insula Corfu din Grecia, unde se afl\u0103 \u015fi \u00een ziua de azi.<\/p>\n\n\n\n<p>Sursa:adevarul<\/p>\n\n\n\n<figure class=\"wp-block-image size-full is-resized\"><img loading=\"lazy\" decoding=\"async\" width=\"199\" height=\"253\" data-attachment-id=\"119004\" data-permalink=\"https:\/\/realitatearutiera.ro\/?attachment_id=119004\" data-orig-file=\"https:\/\/i0.wp.com\/realitatearutiera.ro\/wp-content\/uploads\/2024\/12\/image-31.png?fit=199%2C253&amp;ssl=1\" data-orig-size=\"199,253\" data-comments-opened=\"1\" data-image-meta=\"{&quot;aperture&quot;:&quot;0&quot;,&quot;credit&quot;:&quot;&quot;,&quot;camera&quot;:&quot;&quot;,&quot;caption&quot;:&quot;&quot;,&quot;created_timestamp&quot;:&quot;0&quot;,&quot;copyright&quot;:&quot;&quot;,&quot;focal_length&quot;:&quot;0&quot;,&quot;iso&quot;:&quot;0&quot;,&quot;shutter_speed&quot;:&quot;0&quot;,&quot;title&quot;:&quot;&quot;,&quot;orientation&quot;:&quot;0&quot;}\" data-image-title=\"image\" data-image-description=\"\" data-medium-file=\"https:\/\/i0.wp.com\/realitatearutiera.ro\/wp-content\/uploads\/2024\/12\/image-31.png?fit=199%2C253&amp;ssl=1\" data-large-file=\"https:\/\/i0.wp.com\/realitatearutiera.ro\/wp-content\/uploads\/2024\/12\/image-31.png?fit=199%2C253&amp;ssl=1\" src=\"https:\/\/i0.wp.com\/realitatearutiera.ro\/wp-content\/uploads\/2024\/12\/image-31.png?resize=199%2C253&#038;ssl=1\" alt=\"\" class=\"wp-image-119004\" style=\"width:328px;height:auto\" data-recalc-dims=\"1\"\/><\/figure>\n\n\n\n<figure class=\"wp-block-image size-full is-resized\"><img loading=\"lazy\" decoding=\"async\" width=\"259\" height=\"194\" data-attachment-id=\"119005\" data-permalink=\"https:\/\/realitatearutiera.ro\/?attachment_id=119005\" data-orig-file=\"https:\/\/i2.wp.com\/realitatearutiera.ro\/wp-content\/uploads\/2024\/12\/image-32.png?fit=259%2C194&amp;ssl=1\" data-orig-size=\"259,194\" data-comments-opened=\"1\" data-image-meta=\"{&quot;aperture&quot;:&quot;0&quot;,&quot;credit&quot;:&quot;&quot;,&quot;camera&quot;:&quot;&quot;,&quot;caption&quot;:&quot;&quot;,&quot;created_timestamp&quot;:&quot;0&quot;,&quot;copyright&quot;:&quot;&quot;,&quot;focal_length&quot;:&quot;0&quot;,&quot;iso&quot;:&quot;0&quot;,&quot;shutter_speed&quot;:&quot;0&quot;,&quot;title&quot;:&quot;&quot;,&quot;orientation&quot;:&quot;0&quot;}\" data-image-title=\"image\" data-image-description=\"\" data-medium-file=\"https:\/\/i2.wp.com\/realitatearutiera.ro\/wp-content\/uploads\/2024\/12\/image-32.png?fit=259%2C194&amp;ssl=1\" data-large-file=\"https:\/\/i2.wp.com\/realitatearutiera.ro\/wp-content\/uploads\/2024\/12\/image-32.png?fit=259%2C194&amp;ssl=1\" src=\"https:\/\/i2.wp.com\/realitatearutiera.ro\/wp-content\/uploads\/2024\/12\/image-32.png?resize=259%2C194&#038;ssl=1\" alt=\"\" class=\"wp-image-119005\" style=\"width:315px;height:auto\" data-recalc-dims=\"1\"\/><\/figure>\n\n\n\n<figure class=\"wp-block-image size-full is-resized\"><img loading=\"lazy\" decoding=\"async\" width=\"800\" height=\"400\" data-attachment-id=\"119006\" data-permalink=\"https:\/\/realitatearutiera.ro\/?attachment_id=119006\" data-orig-file=\"https:\/\/i1.wp.com\/realitatearutiera.ro\/wp-content\/uploads\/2024\/12\/image-33.png?fit=1000%2C500&amp;ssl=1\" data-orig-size=\"1000,500\" data-comments-opened=\"1\" data-image-meta=\"{&quot;aperture&quot;:&quot;0&quot;,&quot;credit&quot;:&quot;&quot;,&quot;camera&quot;:&quot;&quot;,&quot;caption&quot;:&quot;&quot;,&quot;created_timestamp&quot;:&quot;0&quot;,&quot;copyright&quot;:&quot;&quot;,&quot;focal_length&quot;:&quot;0&quot;,&quot;iso&quot;:&quot;0&quot;,&quot;shutter_speed&quot;:&quot;0&quot;,&quot;title&quot;:&quot;&quot;,&quot;orientation&quot;:&quot;0&quot;}\" data-image-title=\"image\" data-image-description=\"\" data-medium-file=\"https:\/\/i1.wp.com\/realitatearutiera.ro\/wp-content\/uploads\/2024\/12\/image-33.png?fit=300%2C150&amp;ssl=1\" data-large-file=\"https:\/\/i1.wp.com\/realitatearutiera.ro\/wp-content\/uploads\/2024\/12\/image-33.png?fit=800%2C400&amp;ssl=1\" src=\"https:\/\/i1.wp.com\/realitatearutiera.ro\/wp-content\/uploads\/2024\/12\/image-33.png?resize=800%2C400&#038;ssl=1\" alt=\"\" class=\"wp-image-119006\" style=\"width:340px;height:auto\" srcset=\"https:\/\/i1.wp.com\/realitatearutiera.ro\/wp-content\/uploads\/2024\/12\/image-33.png?w=1000&amp;ssl=1 1000w, https:\/\/i1.wp.com\/realitatearutiera.ro\/wp-content\/uploads\/2024\/12\/image-33.png?resize=300%2C150&amp;ssl=1 300w, https:\/\/i1.wp.com\/realitatearutiera.ro\/wp-content\/uploads\/2024\/12\/image-33.png?resize=768%2C384&amp;ssl=1 768w\" sizes=\"auto, (max-width: 800px) 100vw, 800px\" data-recalc-dims=\"1\" \/><\/figure>\n\n\n\n<figure class=\"wp-block-image size-full is-resized\"><img loading=\"lazy\" decoding=\"async\" width=\"800\" height=\"400\" data-attachment-id=\"119007\" data-permalink=\"https:\/\/realitatearutiera.ro\/?attachment_id=119007\" data-orig-file=\"https:\/\/i2.wp.com\/realitatearutiera.ro\/wp-content\/uploads\/2024\/12\/image-34.png?fit=1000%2C500&amp;ssl=1\" data-orig-size=\"1000,500\" data-comments-opened=\"1\" data-image-meta=\"{&quot;aperture&quot;:&quot;0&quot;,&quot;credit&quot;:&quot;&quot;,&quot;camera&quot;:&quot;&quot;,&quot;caption&quot;:&quot;&quot;,&quot;created_timestamp&quot;:&quot;0&quot;,&quot;copyright&quot;:&quot;&quot;,&quot;focal_length&quot;:&quot;0&quot;,&quot;iso&quot;:&quot;0&quot;,&quot;shutter_speed&quot;:&quot;0&quot;,&quot;title&quot;:&quot;&quot;,&quot;orientation&quot;:&quot;0&quot;}\" data-image-title=\"image\" data-image-description=\"\" data-medium-file=\"https:\/\/i2.wp.com\/realitatearutiera.ro\/wp-content\/uploads\/2024\/12\/image-34.png?fit=300%2C150&amp;ssl=1\" data-large-file=\"https:\/\/i2.wp.com\/realitatearutiera.ro\/wp-content\/uploads\/2024\/12\/image-34.png?fit=800%2C400&amp;ssl=1\" src=\"https:\/\/i2.wp.com\/realitatearutiera.ro\/wp-content\/uploads\/2024\/12\/image-34.png?resize=800%2C400&#038;ssl=1\" alt=\"\" class=\"wp-image-119007\" style=\"width:383px;height:auto\" srcset=\"https:\/\/i2.wp.com\/realitatearutiera.ro\/wp-content\/uploads\/2024\/12\/image-34.png?w=1000&amp;ssl=1 1000w, https:\/\/i2.wp.com\/realitatearutiera.ro\/wp-content\/uploads\/2024\/12\/image-34.png?resize=300%2C150&amp;ssl=1 300w, https:\/\/i2.wp.com\/realitatearutiera.ro\/wp-content\/uploads\/2024\/12\/image-34.png?resize=768%2C384&amp;ssl=1 768w\" sizes=\"auto, (max-width: 800px) 100vw, 800px\" data-recalc-dims=\"1\" \/><\/figure>\n\n\n\n<figure class=\"wp-block-image size-full is-resized\"><img loading=\"lazy\" decoding=\"async\" width=\"168\" height=\"300\" data-attachment-id=\"119008\" data-permalink=\"https:\/\/realitatearutiera.ro\/?attachment_id=119008\" data-orig-file=\"https:\/\/i1.wp.com\/realitatearutiera.ro\/wp-content\/uploads\/2024\/12\/image-35.png?fit=168%2C300&amp;ssl=1\" data-orig-size=\"168,300\" data-comments-opened=\"1\" data-image-meta=\"{&quot;aperture&quot;:&quot;0&quot;,&quot;credit&quot;:&quot;&quot;,&quot;camera&quot;:&quot;&quot;,&quot;caption&quot;:&quot;&quot;,&quot;created_timestamp&quot;:&quot;0&quot;,&quot;copyright&quot;:&quot;&quot;,&quot;focal_length&quot;:&quot;0&quot;,&quot;iso&quot;:&quot;0&quot;,&quot;shutter_speed&quot;:&quot;0&quot;,&quot;title&quot;:&quot;&quot;,&quot;orientation&quot;:&quot;0&quot;}\" data-image-title=\"image\" data-image-description=\"\" data-medium-file=\"https:\/\/i1.wp.com\/realitatearutiera.ro\/wp-content\/uploads\/2024\/12\/image-35.png?fit=168%2C300&amp;ssl=1\" data-large-file=\"https:\/\/i1.wp.com\/realitatearutiera.ro\/wp-content\/uploads\/2024\/12\/image-35.png?fit=168%2C300&amp;ssl=1\" src=\"https:\/\/i1.wp.com\/realitatearutiera.ro\/wp-content\/uploads\/2024\/12\/image-35.png?resize=168%2C300&#038;ssl=1\" alt=\"\" class=\"wp-image-119008\" style=\"width:396px;height:auto\" data-recalc-dims=\"1\"\/><\/figure>\n\n\n\n<p>Sursa:google<\/p>\n","protected":false},"excerpt":{"rendered":"<p>Sf\u00e2ntul Spiridon, episcop al Trimitundei, este s\u0103rb\u0103torit de credincio\u015fi anual, pe data 12 decembrie. Potrivit credin\u021belor din popor, rug\u0103ciune c\u0103tre<\/p>\n","protected":false},"author":1,"featured_media":119010,"comment_status":"open","ping_status":"closed","sticky":false,"template":"","format":"standard","meta":{"spay_email":"","footnotes":"","jetpack_publicize_message":""},"categories":[6],"tags":[],"class_list":["post-119003","post","type-post","status-publish","format-standard","has-post-thumbnail","hentry","category-social"],"jetpack_featured_media_url":"https:\/\/i1.wp.com\/realitatearutiera.ro\/wp-content\/uploads\/2024\/12\/sfantulspiridon-35117.jpg?fit=1000%2C500&ssl=1","jetpack_publicize_connections":[],"jetpack_sharing_enabled":true,"jetpack_shortlink":"https:\/\/wp.me\/p61naM-uXp","jetpack-related-posts":[],"_links":{"self":[{"href":"https:\/\/realitatearutiera.ro\/index.php?rest_route=\/wp\/v2\/posts\/119003","targetHints":{"allow":["GET"]}}],"collection":[{"href":"https:\/\/realitatearutiera.ro\/index.php?rest_route=\/wp\/v2\/posts"}],"about":[{"href":"https:\/\/realitatearutiera.ro\/index.php?rest_route=\/wp\/v2\/types\/post"}],"author":[{"embeddable":true,"href":"https:\/\/realitatearutiera.ro\/index.php?rest_route=\/wp\/v2\/users\/1"}],"replies":[{"embeddable":true,"href":"https:\/\/realitatearutiera.ro\/index.php?rest_route=%2Fwp%2Fv2%2Fcomments&post=119003"}],"version-history":[{"count":1,"href":"https:\/\/realitatearutiera.ro\/index.php?rest_route=\/wp\/v2\/posts\/119003\/revisions"}],"predecessor-version":[{"id":119011,"href":"https:\/\/realitatearutiera.ro\/index.php?rest_route=\/wp\/v2\/posts\/119003\/revisions\/119011"}],"wp:featuredmedia":[{"embeddable":true,"href":"https:\/\/realitatearutiera.ro\/index.php?rest_route=\/wp\/v2\/media\/119010"}],"wp:attachment":[{"href":"https:\/\/realitatearutiera.ro\/index.php?rest_route=%2Fwp%2Fv2%2Fmedia&parent=119003"}],"wp:term":[{"taxonomy":"category","embeddable":true,"href":"https:\/\/realitatearutiera.ro\/index.php?rest_route=%2Fwp%2Fv2%2Fcategories&post=119003"},{"taxonomy":"post_tag","embeddable":true,"href":"https:\/\/realitatearutiera.ro\/index.php?rest_route=%2Fwp%2Fv2%2Ftags&post=119003"}],"curies":[{"name":"wp","href":"https:\/\/api.w.org\/{rel}","templated":true}]}}