{"id":11950,"date":"2016-08-23T09:12:48","date_gmt":"2016-08-23T06:12:48","guid":{"rendered":"http:\/\/realitatearutiera.ro\/?p=11950"},"modified":"2016-08-23T09:12:48","modified_gmt":"2016-08-23T06:12:48","slug":"cod-galben-de-furtuna-pentru-mai-multe-judete-din-moldova","status":"publish","type":"post","link":"https:\/\/realitatearutiera.ro\/?p=11950","title":{"rendered":"Cod galben de furtun\u0103 pentru mai multe jude\u021be din Moldova"},"content":{"rendered":"<p>Administra\u0163ia Na\u0163ional\u0103 de Meteorologie a emis mar\u0163i diminea\u0163a o aten\u0163ionare nowcasting Cod galben de furtun\u0103 pentru localit\u0103\u0163i din jude\u0163ele Neam\u0163, Bac\u0103u \u015fi Suceava, valabil\u0103 p\u00e2n\u0103 la ora 10:00.<\/p>\n<p>Potrivit meteorologilor, \u00een jude\u0163ul Neam\u0163, \u00een localitatea C\u00e2nde\u015fti, \u00een jude\u0163ul Bac\u0103u, \u00een zona de munte \u015fi \u00een localit\u0103\u0163ile Moine\u015fti, T\u00e2rgu Ocna, Ardeoani, Balcani, B\u00e2rs\u0103ne\u015fti, Bere\u015fti-Tazl\u0103u, Berzun\u0163i, Bl\u0103ge\u015fti, Livezi, M\u0103gire\u015fti, Oituz, P\u00e2rg\u0103re\u015fti, P\u00e2rjol, Poduri, S\u0103nduleni, Scor\u0163eni, Solon\u0163, Strugari, T\u00e2rgu Trotu\u015f precum \u015fi \u00een jude\u0163ul Suceava, \u00een localit\u0103\u0163ile Bro\u015fteni, Vatra Dornei, C\u00e2rlibaba, Cioc\u0103ne\u015fti, Co\u015fna, Dorna-Arini, Dorna Candrenilor, Iacobeni, Panaci, Poiana Stampei, Pojor\u00e2ta, \u015earu Dornei se vor semnala averse ce vor atinge \u015fi dep\u0103\u015fi 25 l\/mp, intensific\u0103ri ale v\u00e2ntului, frecvente desc\u0103rc\u0103ri electrice \u015fi grindin\u0103 de dimensiuni mici.<\/p>\n<p>Avertiz\u0103rile de fenomene periculoase imediate (nowcasting &#8211; n.r.) se emit pentru o perioad\u0103 de maximum 6 ore.<\/p>\n<p>Sursa:agerpres<\/p>\n","protected":false},"excerpt":{"rendered":"<p>Administra\u0163ia Na\u0163ional\u0103 de Meteorologie a emis mar\u0163i diminea\u0163a o aten\u0163ionare nowcasting Cod galben de furtun\u0103 pentru localit\u0103\u0163i din jude\u0163ele Neam\u0163,<\/p>\n","protected":false},"author":1,"featured_media":11934,"comment_status":"closed","ping_status":"closed","sticky":false,"template":"","format":"standard","meta":{"spay_email":"","footnotes":"","jetpack_publicize_message":""},"categories":[1],"tags":[],"class_list":["post-11950","post","type-post","status-publish","format-standard","has-post-thumbnail","hentry","category-uncategorized"],"jetpack_featured_media_url":"https:\/\/i1.wp.com\/realitatearutiera.ro\/wp-content\/uploads\/2016\/08\/fulgere.jpg?fit=236%2C157&ssl=1","jetpack_publicize_connections":[],"jetpack_sharing_enabled":true,"jetpack_shortlink":"https:\/\/wp.me\/p61naM-36K","jetpack-related-posts":[],"_links":{"self":[{"href":"https:\/\/realitatearutiera.ro\/index.php?rest_route=\/wp\/v2\/posts\/11950","targetHints":{"allow":["GET"]}}],"collection":[{"href":"https:\/\/realitatearutiera.ro\/index.php?rest_route=\/wp\/v2\/posts"}],"about":[{"href":"https:\/\/realitatearutiera.ro\/index.php?rest_route=\/wp\/v2\/types\/post"}],"author":[{"embeddable":true,"href":"https:\/\/realitatearutiera.ro\/index.php?rest_route=\/wp\/v2\/users\/1"}],"replies":[{"embeddable":true,"href":"https:\/\/realitatearutiera.ro\/index.php?rest_route=%2Fwp%2Fv2%2Fcomments&post=11950"}],"version-history":[{"count":1,"href":"https:\/\/realitatearutiera.ro\/index.php?rest_route=\/wp\/v2\/posts\/11950\/revisions"}],"predecessor-version":[{"id":11951,"href":"https:\/\/realitatearutiera.ro\/index.php?rest_route=\/wp\/v2\/posts\/11950\/revisions\/11951"}],"wp:featuredmedia":[{"embeddable":true,"href":"https:\/\/realitatearutiera.ro\/index.php?rest_route=\/wp\/v2\/media\/11934"}],"wp:attachment":[{"href":"https:\/\/realitatearutiera.ro\/index.php?rest_route=%2Fwp%2Fv2%2Fmedia&parent=11950"}],"wp:term":[{"taxonomy":"category","embeddable":true,"href":"https:\/\/realitatearutiera.ro\/index.php?rest_route=%2Fwp%2Fv2%2Fcategories&post=11950"},{"taxonomy":"post_tag","embeddable":true,"href":"https:\/\/realitatearutiera.ro\/index.php?rest_route=%2Fwp%2Fv2%2Ftags&post=11950"}],"curies":[{"name":"wp","href":"https:\/\/api.w.org\/{rel}","templated":true}]}}