{"id":119663,"date":"2025-01-06T08:52:09","date_gmt":"2025-01-06T06:52:09","guid":{"rendered":"https:\/\/realitatearutiera.ro\/?p=119663"},"modified":"2025-01-06T08:52:10","modified_gmt":"2025-01-06T06:52:10","slug":"trafic-inchis-de-boboteaza-in-galati","status":"publish","type":"post","link":"https:\/\/realitatearutiera.ro\/?p=119663","title":{"rendered":"Trafic \u00eenchis de Boboteaz\u0103 \u00een Gala\u021bi"},"content":{"rendered":"\n<p>Prim\u0103ria municipiului Gala\u0163i informeaz\u0103 c\u0103 pentru buna desf\u0103\u015furare a manifest\u0103rilor prilejuite de S\u0103rb\u0103toarea Bobotezei, care vor \u00eencepe la ora 13.00 la Biserica Sf. Precista, se \u00eenchide traficul auto pe b-dul Marea Unire, tronsonul cuprins \u00eentre Parc Elice \u015fi str. G-ral Al. Cernat (Parc Viva), luni, 6 ianuarie 2025, \u00een intervalul orar 12.00 \u2013 16.00.<br>Pe durata bloc\u0103rii tronsonului de strad\u0103, conduc\u0103torii autovehiculelor cu masa maxim autorizat\u0103 mai mic\u0103 de 3,5 tone au la dispozi\u0163ie urm\u0103toarele rute alternative:<br>1. b-dul Marea Unire \u2013 str. Regiment 11 Siret \u2013 b-dul George Co\u015fbuc\/str. Br\u0103ilei;<br>2. str. Portului \u2013 b-dul Marea Unire \u2013 Artera rutier\u0103 de leg\u0103tur\u0103 aferent\u0103 Parc Elice \u2013 str. Traian;<br>3. str. Br\u0103ilei \u2013 str. Domneasc\u0103;<br>4. str. Traian \u2013 str. Ro\u015fiori \u2013 str. Br\u0103ilei.<br>&#8220;Pentru evitarea apari\u0163iei blocajelor \u00een trafic, recomand\u0103m evitarea utiliz\u0103rii rutei str. Al. Cernat \u2013 str. Armata Poporului \u2013 str. Ro\u015fiori, iar pentru desf\u0103\u015furarea fluent\u0103 a traficului rutier conduc\u0103torii auto sunt ruga\u0163i s\u0103 respecte semnalizarea rutier\u0103 temporar instituit\u0103 \u015fi s\u0103 evite parcarea autovehiculelor pe tronsonul de strad\u0103 men\u0163ionat&#8221;, transmite Compartimentul de pres\u0103 al Prim\u0103riei municipiului Gala\u0163i.<\/p>\n\n\n\n<p>Sursa:monitoruldegalati<\/p>\n","protected":false},"excerpt":{"rendered":"<p>Prim\u0103ria municipiului Gala\u0163i informeaz\u0103 c\u0103 pentru buna desf\u0103\u015furare a manifest\u0103rilor prilejuite de S\u0103rb\u0103toarea Bobotezei, care vor \u00eencepe la ora 13.00<\/p>\n","protected":false},"author":1,"featured_media":96732,"comment_status":"open","ping_status":"closed","sticky":false,"template":"","format":"standard","meta":{"spay_email":"","footnotes":"","jetpack_publicize_message":""},"categories":[6],"tags":[],"class_list":["post-119663","post","type-post","status-publish","format-standard","has-post-thumbnail","hentry","category-social"],"jetpack_featured_media_url":"https:\/\/i2.wp.com\/realitatearutiera.ro\/wp-content\/uploads\/2023\/03\/7348610-mediafax-foto-ovidiu-dumitru-matiu.jpg?fit=605%2C403&ssl=1","jetpack_publicize_connections":[],"jetpack_sharing_enabled":true,"jetpack_shortlink":"https:\/\/wp.me\/p61naM-v83","jetpack-related-posts":[],"_links":{"self":[{"href":"https:\/\/realitatearutiera.ro\/index.php?rest_route=\/wp\/v2\/posts\/119663","targetHints":{"allow":["GET"]}}],"collection":[{"href":"https:\/\/realitatearutiera.ro\/index.php?rest_route=\/wp\/v2\/posts"}],"about":[{"href":"https:\/\/realitatearutiera.ro\/index.php?rest_route=\/wp\/v2\/types\/post"}],"author":[{"embeddable":true,"href":"https:\/\/realitatearutiera.ro\/index.php?rest_route=\/wp\/v2\/users\/1"}],"replies":[{"embeddable":true,"href":"https:\/\/realitatearutiera.ro\/index.php?rest_route=%2Fwp%2Fv2%2Fcomments&post=119663"}],"version-history":[{"count":1,"href":"https:\/\/realitatearutiera.ro\/index.php?rest_route=\/wp\/v2\/posts\/119663\/revisions"}],"predecessor-version":[{"id":119664,"href":"https:\/\/realitatearutiera.ro\/index.php?rest_route=\/wp\/v2\/posts\/119663\/revisions\/119664"}],"wp:featuredmedia":[{"embeddable":true,"href":"https:\/\/realitatearutiera.ro\/index.php?rest_route=\/wp\/v2\/media\/96732"}],"wp:attachment":[{"href":"https:\/\/realitatearutiera.ro\/index.php?rest_route=%2Fwp%2Fv2%2Fmedia&parent=119663"}],"wp:term":[{"taxonomy":"category","embeddable":true,"href":"https:\/\/realitatearutiera.ro\/index.php?rest_route=%2Fwp%2Fv2%2Fcategories&post=119663"},{"taxonomy":"post_tag","embeddable":true,"href":"https:\/\/realitatearutiera.ro\/index.php?rest_route=%2Fwp%2Fv2%2Ftags&post=119663"}],"curies":[{"name":"wp","href":"https:\/\/api.w.org\/{rel}","templated":true}]}}