{"id":119665,"date":"2025-01-06T08:57:34","date_gmt":"2025-01-06T06:57:34","guid":{"rendered":"https:\/\/realitatearutiera.ro\/?p=119665"},"modified":"2025-01-06T08:57:36","modified_gmt":"2025-01-06T06:57:36","slug":"botosanean-luat-la-ocazie-ranit-intr-un-accident-grav","status":"publish","type":"post","link":"https:\/\/realitatearutiera.ro\/?p=119665","title":{"rendered":"Boto\u0219\u0103nean luat la ocazie r\u0103nit \u00eentr-un accident grav"},"content":{"rendered":"\n<p>Un t\u00e2n\u0103r din Boto\u0219ani a ajuns la spital dup\u0103 ma\u0219ina \u00een care era pasager de ocazie s-a r\u0103sturnat.\u00a0 <\/p>\n\n\n\n<figure class=\"wp-block-image size-full\"><img loading=\"lazy\" decoding=\"async\" width=\"696\" height=\"928\" data-attachment-id=\"119666\" data-permalink=\"https:\/\/realitatearutiera.ro\/?attachment_id=119666\" data-orig-file=\"https:\/\/i0.wp.com\/realitatearutiera.ro\/wp-content\/uploads\/2025\/01\/image-1.png?fit=696%2C928&amp;ssl=1\" data-orig-size=\"696,928\" data-comments-opened=\"1\" data-image-meta=\"{&quot;aperture&quot;:&quot;0&quot;,&quot;credit&quot;:&quot;&quot;,&quot;camera&quot;:&quot;&quot;,&quot;caption&quot;:&quot;&quot;,&quot;created_timestamp&quot;:&quot;0&quot;,&quot;copyright&quot;:&quot;&quot;,&quot;focal_length&quot;:&quot;0&quot;,&quot;iso&quot;:&quot;0&quot;,&quot;shutter_speed&quot;:&quot;0&quot;,&quot;title&quot;:&quot;&quot;,&quot;orientation&quot;:&quot;0&quot;}\" data-image-title=\"image\" data-image-description=\"\" data-medium-file=\"https:\/\/i0.wp.com\/realitatearutiera.ro\/wp-content\/uploads\/2025\/01\/image-1.png?fit=225%2C300&amp;ssl=1\" data-large-file=\"https:\/\/i0.wp.com\/realitatearutiera.ro\/wp-content\/uploads\/2025\/01\/image-1.png?fit=696%2C928&amp;ssl=1\" src=\"https:\/\/i0.wp.com\/realitatearutiera.ro\/wp-content\/uploads\/2025\/01\/image-1.png?resize=696%2C928&#038;ssl=1\" alt=\"\" class=\"wp-image-119666\" srcset=\"https:\/\/i0.wp.com\/realitatearutiera.ro\/wp-content\/uploads\/2025\/01\/image-1.png?w=696&amp;ssl=1 696w, https:\/\/i0.wp.com\/realitatearutiera.ro\/wp-content\/uploads\/2025\/01\/image-1.png?resize=225%2C300&amp;ssl=1 225w\" sizes=\"auto, (max-width: 696px) 100vw, 696px\" data-recalc-dims=\"1\" \/><\/figure>\n\n\n\n<p> Accidentul a avut loc \u00een jude\u021bul Gorj. Potrivit poli\u021bi\u0219tilor,\u00a0 \u00een timp ce un b\u0103rbat de 56 de ani, din jude\u021bul Bra\u0219ov, conducea un autoturism marca Audi, din direc\u021bia Licurici c\u0103tre T\u00e2rgu C\u0103rbune\u0219ti, \u00eentr-o curb\u0103 la dreapta, a pierdut controlul direc\u021biei de deplasare, ie\u0219ind de pe carosabil \u015fi r\u0103sturn\u00e2ndu-se pe partea dreapt\u0103. <\/p>\n\n\n\n<p>Din accident a rezultat r\u0103nirea celor patru pasageri, cu v\u00e2rste cuprinse \u00eentre 16 \u015fi 36 de ani, din jude\u021bele Boto\u015fani, Ilfov \u015fi respectiv Bucure\u015fti. <\/p>\n\n\n\n<p>\u0218oferul a fost testat cu aparatul etilotest, rezultatul fiind negativ.<\/p>\n\n\n\n<p> Poli\u021bi\u0219tii fac cercet\u0103ri pentru v\u0103t\u0103mare corporal\u0103 din culp\u0103&#8230;. <\/p>\n\n\n\n<p>Sursa:monitorulbt<\/p>\n","protected":false},"excerpt":{"rendered":"<p>Un t\u00e2n\u0103r din Boto\u0219ani a ajuns la spital dup\u0103 ma\u0219ina \u00een care era pasager de ocazie s-a r\u0103sturnat.\u00a0 Accidentul a<\/p>\n","protected":false},"author":1,"featured_media":116298,"comment_status":"open","ping_status":"closed","sticky":false,"template":"","format":"standard","meta":{"spay_email":"","footnotes":"","jetpack_publicize_message":""},"categories":[1],"tags":[],"class_list":["post-119665","post","type-post","status-publish","format-standard","has-post-thumbnail","hentry","category-uncategorized"],"jetpack_featured_media_url":"https:\/\/i1.wp.com\/realitatearutiera.ro\/wp-content\/uploads\/2024\/09\/semn-accident-850x560-1.jpg?fit=850%2C560&ssl=1","jetpack_publicize_connections":[],"jetpack_sharing_enabled":true,"jetpack_shortlink":"https:\/\/wp.me\/p61naM-v85","jetpack-related-posts":[],"_links":{"self":[{"href":"https:\/\/realitatearutiera.ro\/index.php?rest_route=\/wp\/v2\/posts\/119665","targetHints":{"allow":["GET"]}}],"collection":[{"href":"https:\/\/realitatearutiera.ro\/index.php?rest_route=\/wp\/v2\/posts"}],"about":[{"href":"https:\/\/realitatearutiera.ro\/index.php?rest_route=\/wp\/v2\/types\/post"}],"author":[{"embeddable":true,"href":"https:\/\/realitatearutiera.ro\/index.php?rest_route=\/wp\/v2\/users\/1"}],"replies":[{"embeddable":true,"href":"https:\/\/realitatearutiera.ro\/index.php?rest_route=%2Fwp%2Fv2%2Fcomments&post=119665"}],"version-history":[{"count":1,"href":"https:\/\/realitatearutiera.ro\/index.php?rest_route=\/wp\/v2\/posts\/119665\/revisions"}],"predecessor-version":[{"id":119667,"href":"https:\/\/realitatearutiera.ro\/index.php?rest_route=\/wp\/v2\/posts\/119665\/revisions\/119667"}],"wp:featuredmedia":[{"embeddable":true,"href":"https:\/\/realitatearutiera.ro\/index.php?rest_route=\/wp\/v2\/media\/116298"}],"wp:attachment":[{"href":"https:\/\/realitatearutiera.ro\/index.php?rest_route=%2Fwp%2Fv2%2Fmedia&parent=119665"}],"wp:term":[{"taxonomy":"category","embeddable":true,"href":"https:\/\/realitatearutiera.ro\/index.php?rest_route=%2Fwp%2Fv2%2Fcategories&post=119665"},{"taxonomy":"post_tag","embeddable":true,"href":"https:\/\/realitatearutiera.ro\/index.php?rest_route=%2Fwp%2Fv2%2Ftags&post=119665"}],"curies":[{"name":"wp","href":"https:\/\/api.w.org\/{rel}","templated":true}]}}