{"id":119755,"date":"2025-01-07T11:22:56","date_gmt":"2025-01-07T09:22:56","guid":{"rendered":"https:\/\/realitatearutiera.ro\/?p=119755"},"modified":"2025-01-07T11:22:57","modified_gmt":"2025-01-07T09:22:57","slug":"accident-rutier-in-lunca-tarnavei-doua-masini-s-au-ciocnit-pe-dj-107","status":"publish","type":"post","link":"https:\/\/realitatearutiera.ro\/?p=119755","title":{"rendered":"ACCIDENT RUTIER \u00een Lunca T\u00e2rnavei: Dou\u0103 ma\u0219ini s-au ciocnit pe DJ 107"},"content":{"rendered":"\n<p><strong>Un accident rutier a avut loc mar\u021bi, 7 ianuarie, pe raza localit\u0103\u021bii Lunca T\u00e2rnavei din jude\u021bul Alba, \u00een jurul orei 10.30.&nbsp;<\/strong><\/p>\n\n\n\n<figure class=\"wp-block-image size-large is-resized\"><img loading=\"lazy\" decoding=\"async\" width=\"800\" height=\"488\" data-attachment-id=\"119756\" data-permalink=\"https:\/\/realitatearutiera.ro\/?attachment_id=119756\" data-orig-file=\"https:\/\/i2.wp.com\/realitatearutiera.ro\/wp-content\/uploads\/2025\/01\/image-8.png?fit=1196%2C730&amp;ssl=1\" data-orig-size=\"1196,730\" data-comments-opened=\"1\" data-image-meta=\"{&quot;aperture&quot;:&quot;0&quot;,&quot;credit&quot;:&quot;&quot;,&quot;camera&quot;:&quot;&quot;,&quot;caption&quot;:&quot;&quot;,&quot;created_timestamp&quot;:&quot;0&quot;,&quot;copyright&quot;:&quot;&quot;,&quot;focal_length&quot;:&quot;0&quot;,&quot;iso&quot;:&quot;0&quot;,&quot;shutter_speed&quot;:&quot;0&quot;,&quot;title&quot;:&quot;&quot;,&quot;orientation&quot;:&quot;0&quot;}\" data-image-title=\"image\" data-image-description=\"\" data-medium-file=\"https:\/\/i2.wp.com\/realitatearutiera.ro\/wp-content\/uploads\/2025\/01\/image-8.png?fit=300%2C183&amp;ssl=1\" data-large-file=\"https:\/\/i2.wp.com\/realitatearutiera.ro\/wp-content\/uploads\/2025\/01\/image-8.png?fit=800%2C488&amp;ssl=1\" src=\"https:\/\/i2.wp.com\/realitatearutiera.ro\/wp-content\/uploads\/2025\/01\/image-8-1024x625.png?resize=800%2C488&#038;ssl=1\" alt=\"\" class=\"wp-image-119756\" style=\"width:416px;height:auto\" srcset=\"https:\/\/i2.wp.com\/realitatearutiera.ro\/wp-content\/uploads\/2025\/01\/image-8.png?resize=1024%2C625&amp;ssl=1 1024w, https:\/\/i2.wp.com\/realitatearutiera.ro\/wp-content\/uploads\/2025\/01\/image-8.png?resize=300%2C183&amp;ssl=1 300w, https:\/\/i2.wp.com\/realitatearutiera.ro\/wp-content\/uploads\/2025\/01\/image-8.png?resize=768%2C469&amp;ssl=1 768w, https:\/\/i2.wp.com\/realitatearutiera.ro\/wp-content\/uploads\/2025\/01\/image-8.png?w=1196&amp;ssl=1 1196w\" sizes=\"auto, (max-width: 800px) 100vw, 800px\" data-recalc-dims=\"1\" \/><\/figure>\n\n\n\n<p>Potrivit reprezentan\u021bilor ISU Alba, din informa\u021biile primite \u00een urma apelului la 112, \u00een accidentul rutier sunt implicate dou\u0103 autoturisme.<\/p>\n\n\n\n<p>La fa\u021ba locului intervin pompierii militari din cadrul deta\u0219amentului Blaj cu dou\u0103 autospeciale.<\/p>\n\n\n\n<p>Potrivit IPJ Alba, poli\u021bi\u0219tii au fost sesiza\u021bi, prin 112, cu privire la producerea unui eveniment rutier pe DJ107, pe raza localit\u0103\u021bii Lunca T\u00e2rnavei. Din primele date, sunt implicate dou\u0103 autoturisme \u0219i dou\u0103 persoane ar fi suferit leziuni corporale.<\/p>\n\n\n\n<h3 class=\"wp-block-heading\">UPDATE 10.42 Pompierii militari au ajuns la fa\u021ba locului<\/h3>\n\n\n\n<p>Potrivit reprezentan\u021bilor, ISU Alba, echipajele au ajuns la locul interven\u021biei, nu sunt persoane \u00eencarcerate. \u00cen accident sunt implicate patru persoane din care dou\u0103 necesita \u00eengrijiri medicale.<\/p>\n\n\n\n<p>Se intervine pentru asigurarea masurilor specifice si prim ajutor medical la locul accidentului, au transmis pompierii militari.<\/p>\n\n\n\n<p>Misiunea pompierilor este \u00een dimanic\u0103. \u0218tire \u00een curs de actualizare.<\/p>\n\n\n\n<p>Sursa:alba24<\/p>\n","protected":false},"excerpt":{"rendered":"<p>Un accident rutier a avut loc mar\u021bi, 7 ianuarie, pe raza localit\u0103\u021bii Lunca T\u00e2rnavei din jude\u021bul Alba, \u00een jurul orei<\/p>\n","protected":false},"author":1,"featured_media":98109,"comment_status":"open","ping_status":"closed","sticky":false,"template":"","format":"standard","meta":{"spay_email":"","footnotes":"","jetpack_publicize_message":""},"categories":[1],"tags":[],"class_list":["post-119755","post","type-post","status-publish","format-standard","has-post-thumbnail","hentry","category-uncategorized"],"jetpack_featured_media_url":"https:\/\/realitatearutiera.ro\/wp-content\/uploads\/2023\/04\/accident.webp","jetpack_publicize_connections":[],"jetpack_sharing_enabled":true,"jetpack_shortlink":"https:\/\/wp.me\/p61naM-v9x","jetpack-related-posts":[],"_links":{"self":[{"href":"https:\/\/realitatearutiera.ro\/index.php?rest_route=\/wp\/v2\/posts\/119755","targetHints":{"allow":["GET"]}}],"collection":[{"href":"https:\/\/realitatearutiera.ro\/index.php?rest_route=\/wp\/v2\/posts"}],"about":[{"href":"https:\/\/realitatearutiera.ro\/index.php?rest_route=\/wp\/v2\/types\/post"}],"author":[{"embeddable":true,"href":"https:\/\/realitatearutiera.ro\/index.php?rest_route=\/wp\/v2\/users\/1"}],"replies":[{"embeddable":true,"href":"https:\/\/realitatearutiera.ro\/index.php?rest_route=%2Fwp%2Fv2%2Fcomments&post=119755"}],"version-history":[{"count":1,"href":"https:\/\/realitatearutiera.ro\/index.php?rest_route=\/wp\/v2\/posts\/119755\/revisions"}],"predecessor-version":[{"id":119757,"href":"https:\/\/realitatearutiera.ro\/index.php?rest_route=\/wp\/v2\/posts\/119755\/revisions\/119757"}],"wp:featuredmedia":[{"embeddable":true,"href":"https:\/\/realitatearutiera.ro\/index.php?rest_route=\/wp\/v2\/media\/98109"}],"wp:attachment":[{"href":"https:\/\/realitatearutiera.ro\/index.php?rest_route=%2Fwp%2Fv2%2Fmedia&parent=119755"}],"wp:term":[{"taxonomy":"category","embeddable":true,"href":"https:\/\/realitatearutiera.ro\/index.php?rest_route=%2Fwp%2Fv2%2Fcategories&post=119755"},{"taxonomy":"post_tag","embeddable":true,"href":"https:\/\/realitatearutiera.ro\/index.php?rest_route=%2Fwp%2Fv2%2Ftags&post=119755"}],"curies":[{"name":"wp","href":"https:\/\/api.w.org\/{rel}","templated":true}]}}