{"id":119759,"date":"2025-01-07T11:28:34","date_gmt":"2025-01-07T09:28:34","guid":{"rendered":"https:\/\/realitatearutiera.ro\/?p=119759"},"modified":"2025-01-07T11:28:36","modified_gmt":"2025-01-07T09:28:36","slug":"locul-de-basm-ascuns-in-muntii-harghitei","status":"publish","type":"post","link":"https:\/\/realitatearutiera.ro\/?p=119759","title":{"rendered":"Locul de basm ascuns \u00een Mun\u0163ii Harghitei"},"content":{"rendered":"\n<p>A trecut o s\u0103pt\u0103m\u00e2n\u0103 din acest an \u015fi rom\u00e2nii se bucur\u0103 \u00een continuare de vacan\u0163ele la munte. Asta se \u00eent\u00e2mpl\u0103 \u015fi \u00een comuna V\u0103r\u015fag din jude\u0163ul Harghita, un loc de poveste care este arhiplin \u00een aceast\u0103 perioad\u0103. P\u00e2rtia de ski dotat\u0103 cu telescaun este atrac\u0163ia principal\u0103 a acestei sta\u0163iuni turistice, \u00eens\u0103, asta nu e tot.&nbsp;O pist\u0103 de bob a fost deschis\u0103 anul trecut \u015fi este distrac\u0163ia preferat\u0103 a copiilor care vin \u00een zon\u0103. \u015ei s\u0103 nu uit\u0103m de cascada din inima p\u0103durii care ofer\u0103 imagini de poveste.&nbsp;<a href=\"https:\/\/observatornews.ro\/autori\/redactia-observator-id29.html\"><\/a><\/p>\n\n\n\n<figure class=\"wp-block-image\"><img decoding=\"async\" src=\"https:\/\/i0.wp.com\/ivm.antenaplay.ro\/thumbs\/observatornews\/2025\/01\/07\/zjTrcrJ0F78_3L.jpg?w=800&#038;ssl=1\" alt=\"\" data-recalc-dims=\"1\"\/><\/figure>\n\n\n\n<ul class=\"wp-block-list\"><\/ul>\n\n\n\n<p>Pe p\u00e2rtia din comuna V\u0103r\u015fag, jude\u0163ul Harghita, cei pasiona\u0163i se bucur\u0103 de o \u00eentindere de 1.050 de metri de z\u0103pad\u0103. Iar turi\u015ftii sunt \u00eenc\u00e2nta\u0163i:&nbsp;<em>&#8220;Am venit din Bucure\u015fti. La recomandarea mai multor prieteni. Foarte bun\u0103 p\u00e2rtia, e foarte ok pentru \u00eencep\u0103tori&#8221; \/ &#8220;Am venit din P\u0103net, jude\u0163ul Mure\u015f. Am auzit c\u0103 e o zon\u0103 mai retras\u0103&#8221; \/ &#8220;Peisajul foarte frumos. De sus se v\u0103d \u015fi Mun\u0163ii F\u0103g\u0103ra\u015f&#8221; \/ &#8220;M-a \u00eenv\u0103\u0163at tata de mic\u0103 s\u0103 schiez, e o bucurie s\u0103 venim la ski \u00eempreun\u0103. P\u00e2rtia e bun\u0103, \u015fi ca \u00eenclina\u0163ie e foarte bun\u0103 \u015fi z\u0103pada e foarte bun\u0103&#8221;.&nbsp;<\/em><\/p>\n\n\n\n<h2 class=\"wp-block-heading\">Sta\u0163iunea V\u0103r\u015fag, destina\u021bie de vis \u00een Mun\u021bii Harghitei<\/h2>\n\n\n\n<p>Locul este un magnet pentru turi\u015ftii care \u00ee\u015fi petrec vacan\u0163a \u00een V\u0103r\u015fag. Este prima p\u00e2rtie din Mun\u0163ii Harghita dotat\u0103 cu telescaun.&nbsp;<em>&#8220;Suntem de la Sighi\u015foara. Am ales s\u0103 venim la V\u0103r\u015fag, deoarece este aproape, este frumos, este telescaun, nu e a\u015fa obositor, z\u0103pad\u0103 e bun\u0103, p\u00e2rtia frumoas\u0103&#8221;<\/em>, explic\u0103 un turist.&nbsp;<em>&#8220;P\u00e2rtia este foarte bine \u00eentre\u0163inut\u0103 \u015fi ne bucur\u0103m foarte tare c\u0103 exist\u0103 acest telescaun. Pentru copii, cel pu\u0163in, este minunat. Abia a\u015ftept\u0103m s\u0103 termin\u0103m ast\u0103zi ca s\u0103 mergem s\u0103 ne d\u0103m cu bobul&#8221;<\/em>, spune o turist\u0103.&nbsp;PauseUnmute<\/p>\n\n\n\n<p><a href=\"https:\/\/observatornews.ro\/travel\/statiunea-montana-care-a-atras-turistii-ca-un-magnet-de-1-mai-pistele-de-bob-au-fost-pline-de-dimineata-si-pana-seara-574614.html\" target=\"_blank\" rel=\"noreferrer noopener\">Pista de bob din V\u0103r\u015fag<\/a>&nbsp;se \u00eentinde pe o distan\u0163\u0103 de un kilometru \u015fi jum\u0103tate \u015fi este locul perfect pentru iubitorii de senza\u0163ii tari.&nbsp;<em>&#8220;Cred c\u0103 e al \u015faselea an c\u00e2nd venim aici, la V\u0103r\u015fag.&nbsp;P\u00e2rtiile sunt mult mai ok, mai lini\u015fte, mai frumos. Cu bobul este extraordinar. Se vede p\u00e2rtia, se vede peisajul, e foarte frumos&#8221;,<\/em>&nbsp;spune o turist\u0103.&nbsp;Desigur, cei mai ferici\u0163i sunt copiii:&nbsp;<em>&#8220;Am luat vitez\u0103&#8221;.<\/em><\/p>\n\n\n\n<h2 class=\"wp-block-heading\">Cascada V\u0103r\u015fag&nbsp;ofer\u0103 imagini de poveste<\/h2>\n\n\n\n<p>\u015ei pe l\u00e2ng\u0103 activit\u0103\u0163ile distractive de care au parte cei care vin aici, \u00een inima Mun\u0163ilor Harghita se afl\u0103&nbsp;<a href=\"https:\/\/observatornews.ro\/social\/cascada-varsag-comoara-din-inima-padurii-311929.html\" target=\"_blank\" rel=\"noreferrer noopener\">cascada V\u0103r\u015fag<\/a>, un loc magic unde turi\u015ftii se pot bucura de un peisaj de neuitat. Alimentat de \u015fapte izvoare, p\u00e2r\u00e2ul se ravars\u0103 de la o \u00een\u0103l\u0163ime de \u015fapte metri.&nbsp;<\/p>\n\n\n\n<p>Sursa:observatornews<\/p>\n\n\n\n<p><\/p>\n","protected":false},"excerpt":{"rendered":"<p>A trecut o s\u0103pt\u0103m\u00e2n\u0103 din acest an \u015fi rom\u00e2nii se bucur\u0103 \u00een continuare de vacan\u0163ele la munte. Asta se \u00eent\u00e2mpl\u0103<\/p>\n","protected":false},"author":1,"featured_media":119760,"comment_status":"open","ping_status":"closed","sticky":false,"template":"","format":"standard","meta":{"spay_email":"","footnotes":"","jetpack_publicize_message":""},"categories":[53],"tags":[],"class_list":["post-119759","post","type-post","status-publish","format-standard","has-post-thumbnail","hentry","category-periplu-prin-romania"],"jetpack_featured_media_url":"https:\/\/i2.wp.com\/realitatearutiera.ro\/wp-content\/uploads\/2025\/01\/kXXxcT5ptyW_2O.jpg?fit=1280%2C720&ssl=1","jetpack_publicize_connections":[],"jetpack_sharing_enabled":true,"jetpack_shortlink":"https:\/\/wp.me\/p61naM-v9B","jetpack-related-posts":[],"_links":{"self":[{"href":"https:\/\/realitatearutiera.ro\/index.php?rest_route=\/wp\/v2\/posts\/119759","targetHints":{"allow":["GET"]}}],"collection":[{"href":"https:\/\/realitatearutiera.ro\/index.php?rest_route=\/wp\/v2\/posts"}],"about":[{"href":"https:\/\/realitatearutiera.ro\/index.php?rest_route=\/wp\/v2\/types\/post"}],"author":[{"embeddable":true,"href":"https:\/\/realitatearutiera.ro\/index.php?rest_route=\/wp\/v2\/users\/1"}],"replies":[{"embeddable":true,"href":"https:\/\/realitatearutiera.ro\/index.php?rest_route=%2Fwp%2Fv2%2Fcomments&post=119759"}],"version-history":[{"count":1,"href":"https:\/\/realitatearutiera.ro\/index.php?rest_route=\/wp\/v2\/posts\/119759\/revisions"}],"predecessor-version":[{"id":119761,"href":"https:\/\/realitatearutiera.ro\/index.php?rest_route=\/wp\/v2\/posts\/119759\/revisions\/119761"}],"wp:featuredmedia":[{"embeddable":true,"href":"https:\/\/realitatearutiera.ro\/index.php?rest_route=\/wp\/v2\/media\/119760"}],"wp:attachment":[{"href":"https:\/\/realitatearutiera.ro\/index.php?rest_route=%2Fwp%2Fv2%2Fmedia&parent=119759"}],"wp:term":[{"taxonomy":"category","embeddable":true,"href":"https:\/\/realitatearutiera.ro\/index.php?rest_route=%2Fwp%2Fv2%2Fcategories&post=119759"},{"taxonomy":"post_tag","embeddable":true,"href":"https:\/\/realitatearutiera.ro\/index.php?rest_route=%2Fwp%2Fv2%2Ftags&post=119759"}],"curies":[{"name":"wp","href":"https:\/\/api.w.org\/{rel}","templated":true}]}}