{"id":120144,"date":"2025-01-16T08:29:17","date_gmt":"2025-01-16T06:29:17","guid":{"rendered":"https:\/\/realitatearutiera.ro\/?p=120144"},"modified":"2025-01-16T08:29:19","modified_gmt":"2025-01-16T06:29:19","slug":"sapte-masini-au-fost-implicate-intr-un-accident-pe-autostrada-bucuresti-pitesti-mai-multe-persoane-au-ajuns-la-spital","status":"publish","type":"post","link":"https:\/\/realitatearutiera.ro\/?p=120144","title":{"rendered":"\u0218apte ma\u0219ini au fost implicate \u00eentr-un accident pe  Autostrada Bucure\u015fti-Pite\u015fti. Mai multe persoane au ajuns la spital"},"content":{"rendered":"\n<p>Un accident grav, \u00een care au fost implicate \u015fapte ma\u015fini, a avut loc \u00een cursul dup\u0103-amiezii de miercuri pe Autostrada Bucure\u015fti-Pite\u015fti. \u00cen urma impactului, trei autoturisme s-au r\u0103sturnat \u015fi trei persoane au fost r\u0103nite, fiind transportate cu ambulan\u0163ele la spital.<\/p>\n\n\n\n<p>\u015eapte ma\u015fini s-au ciocnit, miercuri dup\u0103-amiaz\u0103, pe&nbsp;<a href=\"https:\/\/adevarul.ro\/stiri-interne\/evenimente\/o-soferita-de-80-de-ani-a-ramas-fara-permis-dupa-2358026.html\" target=\"_blank\" rel=\"noreferrer noopener\">Autostrada A1 Bucure\u0219ti \u2013 Pite\u0219ti<\/a>, la kilometrul 64, \u00een dreptul localit\u0103\u021bii Olteni, din jude\u021bul D\u00e2mbovi\u021ba, pe sensul de mers c\u0103tre Capital\u0103, a informat centrul Infotrafic. Trei dintre cele \u015fapte autovehicule s-au r\u0103sturnat, \u00een urma impactului puternic, dou\u0103 \u00een afara carosabilului, iar unul pe banda de urgen\u021b\u0103.<\/p>\n\n\n\n<p>Toate cele trei victime care au rezultat \u00een urma accidentului au fost transportate la spital pentru \u00eengrijiri suplimentare, potrivit ISU D\u00e2mbovi\u021ba.<\/p>\n\n\n\n<p><em>\u201ePe autostrada A1 Bucure\u0219ti-Pite\u0219ti, la kilometrul 64, pe sensul&nbsp; de mers spre Bucure\u0219ti, \u00een zona localit\u0103\u021bii Olteni, jude\u021bul D\u00e2mbovi\u021ba, a avut loc un accident rutier \u00een care au fost implicate \u0219apte autovehicule, unul dintre ele este r\u0103sturnat \u00een afara carosabilului, iar altul este r\u0103sturnat pe banda de urgen\u021b\u0103. Potrivit primelor date, dou\u0103 persoane ar fi suferit leziuni, urm\u00e2nd s\u0103 fie evaluate medical la fa\u021ba locului.<\/em><\/p>\n\n\n\n<p><em>Traficul rutier este restric\u021bionat pe banda nr. 1, circul\u00e2ndu-se doar pe banda nr. 2. Se estimeaz\u0103 reluarea normal\u0103 a circula\u021biei dup\u0103 ora 17.00<\/em>\u201d, a transmis&nbsp;<a href=\"https:\/\/politiaromana.ro\/ro\/info-trafic\/judetul-dambovita-circulatie-restrictionata-pe-autostrada-a1-bucuresti-pitesti1736951574\" target=\"_blank\" rel=\"noreferrer noopener\">Centrul Infotrafic&nbsp;<\/a>din cadrul Poli\u021biei Rom\u00e2ne.<\/p>\n\n\n\n<p>Zona accidentului a fost asigurat\u0103 de pompierii Deta\u0219amentelor G\u0103e\u0219ti \u0219i Titu, cu 3 autospeciale de stingere cu ap\u0103 \u0219i spum\u0103, 4 echipaje SMURD \u0219i o autospecial\u0103 de descarcerare. Totodat\u0103 SAJ D\u00e2mbovi\u021ba a deplasat la fa\u021ba locului 4 echipaje.<\/p>\n\n\n\n<p>Video<a href=\"https:\/\/youtu.be\/ERLzu0R-naI\"> aici<\/a><\/p>\n\n\n\n<p>Sursa:adevarul<\/p>\n","protected":false},"excerpt":{"rendered":"<p>Un accident grav, \u00een care au fost implicate \u015fapte ma\u015fini, a avut loc \u00een cursul dup\u0103-amiezii de miercuri pe Autostrada<\/p>\n","protected":false},"author":1,"featured_media":116078,"comment_status":"open","ping_status":"closed","sticky":false,"template":"","format":"standard","meta":{"spay_email":"","footnotes":"","jetpack_publicize_message":""},"categories":[1],"tags":[],"class_list":["post-120144","post","type-post","status-publish","format-standard","has-post-thumbnail","hentry","category-uncategorized"],"jetpack_featured_media_url":"https:\/\/i1.wp.com\/realitatearutiera.ro\/wp-content\/uploads\/2024\/09\/accident.jpg?fit=630%2C365&ssl=1","jetpack_publicize_connections":[],"jetpack_sharing_enabled":true,"jetpack_shortlink":"https:\/\/wp.me\/p61naM-vfO","jetpack-related-posts":[],"_links":{"self":[{"href":"https:\/\/realitatearutiera.ro\/index.php?rest_route=\/wp\/v2\/posts\/120144","targetHints":{"allow":["GET"]}}],"collection":[{"href":"https:\/\/realitatearutiera.ro\/index.php?rest_route=\/wp\/v2\/posts"}],"about":[{"href":"https:\/\/realitatearutiera.ro\/index.php?rest_route=\/wp\/v2\/types\/post"}],"author":[{"embeddable":true,"href":"https:\/\/realitatearutiera.ro\/index.php?rest_route=\/wp\/v2\/users\/1"}],"replies":[{"embeddable":true,"href":"https:\/\/realitatearutiera.ro\/index.php?rest_route=%2Fwp%2Fv2%2Fcomments&post=120144"}],"version-history":[{"count":1,"href":"https:\/\/realitatearutiera.ro\/index.php?rest_route=\/wp\/v2\/posts\/120144\/revisions"}],"predecessor-version":[{"id":120145,"href":"https:\/\/realitatearutiera.ro\/index.php?rest_route=\/wp\/v2\/posts\/120144\/revisions\/120145"}],"wp:featuredmedia":[{"embeddable":true,"href":"https:\/\/realitatearutiera.ro\/index.php?rest_route=\/wp\/v2\/media\/116078"}],"wp:attachment":[{"href":"https:\/\/realitatearutiera.ro\/index.php?rest_route=%2Fwp%2Fv2%2Fmedia&parent=120144"}],"wp:term":[{"taxonomy":"category","embeddable":true,"href":"https:\/\/realitatearutiera.ro\/index.php?rest_route=%2Fwp%2Fv2%2Fcategories&post=120144"},{"taxonomy":"post_tag","embeddable":true,"href":"https:\/\/realitatearutiera.ro\/index.php?rest_route=%2Fwp%2Fv2%2Ftags&post=120144"}],"curies":[{"name":"wp","href":"https:\/\/api.w.org\/{rel}","templated":true}]}}