{"id":120192,"date":"2025-01-17T08:17:02","date_gmt":"2025-01-17T06:17:02","guid":{"rendered":"https:\/\/realitatearutiera.ro\/?p=120192"},"modified":"2025-01-17T08:17:47","modified_gmt":"2025-01-17T06:17:47","slug":"judetul-arges-circulatie-oprita-pe-dn-73d-in-urma-unui-accident-rutier","status":"publish","type":"post","link":"https:\/\/realitatearutiera.ro\/?p=120192","title":{"rendered":"JUDE\u021aUL ARGE\u0218: CIRCULA\u021aIE OPRIT\u0102 PE DN 73D, \u00ceN URMA UNUI ACCIDENT RUTIER"},"content":{"rendered":"\n<p><strong>Ora:&nbsp;<\/strong>07:05<\/p>\n\n\n\n<p><strong>Centrul INFOTRAFIC din Inspectoratul General al Poli\u021biei Rom\u00e2ne&nbsp;<\/strong>informeaz\u0103 c\u0103 pe DN 73D, \u00een zona localit\u0103\u021bii \u021ai\u021be\u0219ti, jude\u021bul Arge\u0219, circula\u021bia rutier\u0103 este restric\u021bionat\u0103 \u00een ambele sensuri de deplasare, dup\u0103 ce un autoturism a pierdut controlul direc\u021biei \u0219i a lovit un autotren parcat. \u00cen urma incidentului, 3 persoane r\u0103nite au necesitat transportul la spital. &nbsp;<\/p>\n\n\n\n<p>Se estimeaz\u0103 reluarea circula\u021biei rutiere \u00een circa 30 de minute.<\/p>\n\n\n\n<p><\/p>\n","protected":false},"excerpt":{"rendered":"<p>Ora:&nbsp;07:05 Centrul INFOTRAFIC din Inspectoratul General al Poli\u021biei Rom\u00e2ne&nbsp;informeaz\u0103 c\u0103 pe DN 73D, \u00een zona localit\u0103\u021bii \u021ai\u021be\u0219ti, jude\u021bul Arge\u0219, circula\u021bia<\/p>\n","protected":false},"author":1,"featured_media":101639,"comment_status":"open","ping_status":"closed","sticky":false,"template":"","format":"standard","meta":{"spay_email":"","footnotes":"","jetpack_publicize_message":""},"categories":[54],"tags":[],"class_list":["post-120192","post","type-post","status-publish","format-standard","has-post-thumbnail","hentry","category-informatii-rutiere"],"jetpack_featured_media_url":"https:\/\/i0.wp.com\/realitatearutiera.ro\/wp-content\/uploads\/2023\/08\/infotrafic-e1535778443522.jpg?fit=332%2C231&ssl=1","jetpack_publicize_connections":[],"jetpack_sharing_enabled":true,"jetpack_shortlink":"https:\/\/wp.me\/p61naM-vgA","jetpack-related-posts":[],"_links":{"self":[{"href":"https:\/\/realitatearutiera.ro\/index.php?rest_route=\/wp\/v2\/posts\/120192","targetHints":{"allow":["GET"]}}],"collection":[{"href":"https:\/\/realitatearutiera.ro\/index.php?rest_route=\/wp\/v2\/posts"}],"about":[{"href":"https:\/\/realitatearutiera.ro\/index.php?rest_route=\/wp\/v2\/types\/post"}],"author":[{"embeddable":true,"href":"https:\/\/realitatearutiera.ro\/index.php?rest_route=\/wp\/v2\/users\/1"}],"replies":[{"embeddable":true,"href":"https:\/\/realitatearutiera.ro\/index.php?rest_route=%2Fwp%2Fv2%2Fcomments&post=120192"}],"version-history":[{"count":2,"href":"https:\/\/realitatearutiera.ro\/index.php?rest_route=\/wp\/v2\/posts\/120192\/revisions"}],"predecessor-version":[{"id":120195,"href":"https:\/\/realitatearutiera.ro\/index.php?rest_route=\/wp\/v2\/posts\/120192\/revisions\/120195"}],"wp:featuredmedia":[{"embeddable":true,"href":"https:\/\/realitatearutiera.ro\/index.php?rest_route=\/wp\/v2\/media\/101639"}],"wp:attachment":[{"href":"https:\/\/realitatearutiera.ro\/index.php?rest_route=%2Fwp%2Fv2%2Fmedia&parent=120192"}],"wp:term":[{"taxonomy":"category","embeddable":true,"href":"https:\/\/realitatearutiera.ro\/index.php?rest_route=%2Fwp%2Fv2%2Fcategories&post=120192"},{"taxonomy":"post_tag","embeddable":true,"href":"https:\/\/realitatearutiera.ro\/index.php?rest_route=%2Fwp%2Fv2%2Ftags&post=120192"}],"curies":[{"name":"wp","href":"https:\/\/api.w.org\/{rel}","templated":true}]}}