{"id":120196,"date":"2025-01-17T08:22:12","date_gmt":"2025-01-17T06:22:12","guid":{"rendered":"https:\/\/realitatearutiera.ro\/?p=120196"},"modified":"2025-01-17T08:22:14","modified_gmt":"2025-01-17T06:22:14","slug":"vremea-180","status":"publish","type":"post","link":"https:\/\/realitatearutiera.ro\/?p=120196","title":{"rendered":"Vremea"},"content":{"rendered":"\n<p>Administra\u021bia Na\u021bional\u0103 de Meteorologie a emis prognoza meteo pentru urm\u0103toarele patru s\u0103pt\u0103m\u00e2ni, intervalul 20 ianuarie &#8211; 17 februarie 2025. Speciali\u015ftii anun\u0163\u0103 vreme cu inversiune termic\u0103: frig \u00een regiunile joase, cu cea\u021b\u0103 persistent\u0103 \u0219i cald \u00een zonele deluroase \u0219i montane, unde stratul de z\u0103pad\u0103 este din ce \u00een ce mai sub\u021bire.&nbsp;<a href=\"https:\/\/observatornews.ro\/autori\/redactia-observator-id29.html\"><\/a><\/p>\n\n\n\n<p><img loading=\"lazy\" decoding=\"async\" src=\"https:\/\/i1.wp.com\/img.observatornews.ro\/0\/2025\/1\/17\/606802\/prognoza-meteo-romania-944ea824.jpeg?resize=430%2C320&#038;ssl=1\" alt=\"Harta temperaturilor \u00een Europa\" width=\"430\" height=\"320\"  data-recalc-dims=\"1\"><\/p>\n\n\n\n<p>Vremea 20 ianuarie &#8211; 17 februarie 2025. Inversiunea termic\u0103 restoarn\u0103 temperaturile \u00een Rom\u00e2nia &#8211; Observator<\/p>\n\n\n\n<ul class=\"wp-block-list\"><\/ul>\n\n\n\n<p>ANM a emis vineri, 17 ianuarie,&nbsp;<a href=\"https:\/\/www.meteoromania.ro\/\" target=\"_blank\" rel=\"noreferrer noopener\">prognoza meteo<\/a>&nbsp;pentru urm\u0103toarele patru s\u0103pt\u0103m\u00e2ni.<\/p>\n\n\n\n<p><em>&#8220;Pe parcursul s\u0103pt\u0103m\u00e2nii viitoare, valorile termice se vor situa peste normalul perioadei din calendar, cu prec\u00e3dere la deal \u015fi la munte. Cerul va fi variabil, local cu nebulozitate joas\u00e3 persistent\u00e3 \u015fi cea\u0163\u00e3 \u00een special \u00een zona de c\u00e2mpie din Banat \u015fi Cri\u015fana, \u00een sudul Olteniei \u015fi pe litoral. \u00cen cursul nop\u0163ii \u015fi spre diminea\u0163\u00e3, nori jo\u015fi \u015fi cea\u0163\u00e3 se vor forma \u00een majoritatea zonelor.<\/em><\/p>\n\n\n\n<p><em>Izolat vor fi condi\u0163ii de burni\u0163\u00e3. V\u00e2ntul va fi \u00een general moderat \u00een zona montan\u00e3 \u00eenalt\u00e3 \u015fi va sufla slab \u00een restul teritoriului. Temperaturile maxime se vor \u00eencadra \u00eentre 5 \u015fi 13 grade Celsius, posibil mai cobor\u00e2te \u00een zonele cu cea\u0163\u00e3 persistent\u00e3, dar \u015fi mai ridicate \u00een dealurile subcarpatice; minimele termice vor fi cuprinse \u00een general \u00eentre -4 \u015fi 4 grade Celsius&#8221;<\/em>, spun speciali\u0219tii de la Administra\u0163iei Na\u0163ionale de Meteorologie.<\/p>\n\n\n\n<h2 class=\"wp-block-heading\">Prognoza meteo 20 &#8211; 27 ianuarie 2025<\/h2>\n\n\n\n<ul class=\"wp-block-list\"><\/ul>\n\n\n\n<p>Valorile termice vor fi mai ridicate dec\u00e2t cele specifice pentru aceast\u0103 s\u0103pt\u0103m\u00e2n\u0103 pe \u00eentreg teritoriul Rom\u00e2niei, dar cu o abatere termic\u0103 pozitiv\u0103 mai accentuat\u0103 \u00een zonele montane.&nbsp;Regimul pluviometric va fi deficitar la nivelul \u00eentregii \u021b\u0103ri, dar mai ales \u00een zona Carpa\u021bilor Occidentali, \u00een nordul Carpa\u021bilor Orientali \u0219i \u00een jum\u0103tatea vestic\u0103 a Carpa\u021bilor Meridionali.<\/p>\n\n\n\n<h2 class=\"wp-block-heading\">Vremea 27 ianuarie &#8211; 3 februarie 2025<\/h2>\n\n\n\n<p>Temperaturile medii vor fi mai ridicate dec\u00e2t cele normale pentru acest interval, \u00een toate regiunile.&nbsp;Cantit\u0103\u021bile de precipita\u021bii vor fi deficitare la nivelul \u00eentregii \u021b\u0103ri, dar mai ales \u00een zonele montane.<\/p>\n\n\n\n<h2 class=\"wp-block-heading\">Prognoza meteo 3 &#8211; 10 februarie 2025<\/h2>\n\n\n\n<p>Temperatura medie a aerului va avea valori mai ridicate dec\u00e2t cele normale pentru aceast\u0103 perioad\u0103 \u00een toate regiunile.&nbsp;<\/p>\n\n\n\n<p>Regimul pluviometric va avea o tendin\u021b\u0103 u\u0219or deficitar\u0103 la nivelul \u00eentregii \u021b\u0103ri.<\/p>\n\n\n\n<h2 class=\"wp-block-heading\">Vremea 10 &#8211; 17 februarie 2025<\/h2>\n\n\n\n<p>Mediile valorilor termice se vor situa peste cele specifice pentru aceast\u0103 s\u0103pt\u0103m\u00e2n\u0103, pe \u00eentreg teritoriul Rom\u00e2niei.&nbsp;Cantit\u0103\u021bile de precipita\u021bii estimate pentru acest interval vor fi u\u0219or deficitare \u00een regiunile sudice \u0219i local \u00een cele vestice \u0219i centrale, iar \u00een rest vor fi apropiate de cele normale.<\/p>\n\n\n\n<p>Sursa:observatornews<\/p>\n","protected":false},"excerpt":{"rendered":"<p>Administra\u021bia Na\u021bional\u0103 de Meteorologie a emis prognoza meteo pentru urm\u0103toarele patru s\u0103pt\u0103m\u00e2ni, intervalul 20 ianuarie &#8211; 17 februarie 2025. Speciali\u015ftii<\/p>\n","protected":false},"author":1,"featured_media":120197,"comment_status":"open","ping_status":"closed","sticky":false,"template":"","format":"standard","meta":{"spay_email":"","footnotes":"","jetpack_publicize_message":""},"categories":[6],"tags":[],"class_list":["post-120196","post","type-post","status-publish","format-standard","has-post-thumbnail","hentry","category-social"],"jetpack_featured_media_url":"https:\/\/i1.wp.com\/realitatearutiera.ro\/wp-content\/uploads\/2025\/01\/img-1.jpg?fit=1200%2C734&ssl=1","jetpack_publicize_connections":[],"jetpack_sharing_enabled":true,"jetpack_shortlink":"https:\/\/wp.me\/p61naM-vgE","jetpack-related-posts":[],"_links":{"self":[{"href":"https:\/\/realitatearutiera.ro\/index.php?rest_route=\/wp\/v2\/posts\/120196","targetHints":{"allow":["GET"]}}],"collection":[{"href":"https:\/\/realitatearutiera.ro\/index.php?rest_route=\/wp\/v2\/posts"}],"about":[{"href":"https:\/\/realitatearutiera.ro\/index.php?rest_route=\/wp\/v2\/types\/post"}],"author":[{"embeddable":true,"href":"https:\/\/realitatearutiera.ro\/index.php?rest_route=\/wp\/v2\/users\/1"}],"replies":[{"embeddable":true,"href":"https:\/\/realitatearutiera.ro\/index.php?rest_route=%2Fwp%2Fv2%2Fcomments&post=120196"}],"version-history":[{"count":1,"href":"https:\/\/realitatearutiera.ro\/index.php?rest_route=\/wp\/v2\/posts\/120196\/revisions"}],"predecessor-version":[{"id":120198,"href":"https:\/\/realitatearutiera.ro\/index.php?rest_route=\/wp\/v2\/posts\/120196\/revisions\/120198"}],"wp:featuredmedia":[{"embeddable":true,"href":"https:\/\/realitatearutiera.ro\/index.php?rest_route=\/wp\/v2\/media\/120197"}],"wp:attachment":[{"href":"https:\/\/realitatearutiera.ro\/index.php?rest_route=%2Fwp%2Fv2%2Fmedia&parent=120196"}],"wp:term":[{"taxonomy":"category","embeddable":true,"href":"https:\/\/realitatearutiera.ro\/index.php?rest_route=%2Fwp%2Fv2%2Fcategories&post=120196"},{"taxonomy":"post_tag","embeddable":true,"href":"https:\/\/realitatearutiera.ro\/index.php?rest_route=%2Fwp%2Fv2%2Ftags&post=120196"}],"curies":[{"name":"wp","href":"https:\/\/api.w.org\/{rel}","templated":true}]}}