{"id":120364,"date":"2025-01-22T08:54:07","date_gmt":"2025-01-22T06:54:07","guid":{"rendered":"https:\/\/realitatearutiera.ro\/?p=120364"},"modified":"2025-01-22T08:54:09","modified_gmt":"2025-01-22T06:54:09","slug":"o-tanara-a-pierdut-controlul-volanului-si-a-intrat-intr-o-autoutilitara-la-valea-calugareasca-a-murit-pe-loc","status":"publish","type":"post","link":"https:\/\/realitatearutiera.ro\/?p=120364","title":{"rendered":"O t\u00e2n\u0103r\u0103 a pierdut controlul volanului \u015fi a intrat \u00eentr-o autoutilitar\u0103, la Valea C\u0103lug\u0103reasc\u0103. A murit pe loc"},"content":{"rendered":"\n<p>O t\u00e2n\u0103r\u0103 de 26\u00a0de ani a decedat, miercuri diminea\u0163\u0103, \u00eentr-un accident rutier care s-a produs pe Drumul Na\u0163ional 1B, \u00een localitatea prahovean\u0103 Valea C\u0103lug\u0103reasc\u0103.<\/p>\n\n\n\n<figure class=\"wp-block-image size-large\"><img loading=\"lazy\" decoding=\"async\" width=\"800\" height=\"466\" data-attachment-id=\"120365\" data-permalink=\"https:\/\/realitatearutiera.ro\/?attachment_id=120365\" data-orig-file=\"https:\/\/i0.wp.com\/realitatearutiera.ro\/wp-content\/uploads\/2025\/01\/image-59.png?fit=1200%2C700&amp;ssl=1\" data-orig-size=\"1200,700\" data-comments-opened=\"1\" data-image-meta=\"{&quot;aperture&quot;:&quot;0&quot;,&quot;credit&quot;:&quot;&quot;,&quot;camera&quot;:&quot;&quot;,&quot;caption&quot;:&quot;&quot;,&quot;created_timestamp&quot;:&quot;0&quot;,&quot;copyright&quot;:&quot;&quot;,&quot;focal_length&quot;:&quot;0&quot;,&quot;iso&quot;:&quot;0&quot;,&quot;shutter_speed&quot;:&quot;0&quot;,&quot;title&quot;:&quot;&quot;,&quot;orientation&quot;:&quot;0&quot;}\" data-image-title=\"image\" data-image-description=\"\" data-medium-file=\"https:\/\/i0.wp.com\/realitatearutiera.ro\/wp-content\/uploads\/2025\/01\/image-59.png?fit=300%2C175&amp;ssl=1\" data-large-file=\"https:\/\/i0.wp.com\/realitatearutiera.ro\/wp-content\/uploads\/2025\/01\/image-59.png?fit=800%2C466&amp;ssl=1\" src=\"https:\/\/i1.wp.com\/realitatearutiera.ro\/wp-content\/uploads\/2025\/01\/image-59-1024x597.png?resize=800%2C466&#038;ssl=1\" alt=\"\" class=\"wp-image-120365\" srcset=\"https:\/\/i0.wp.com\/realitatearutiera.ro\/wp-content\/uploads\/2025\/01\/image-59.png?resize=1024%2C597&amp;ssl=1 1024w, https:\/\/i0.wp.com\/realitatearutiera.ro\/wp-content\/uploads\/2025\/01\/image-59.png?resize=300%2C175&amp;ssl=1 300w, https:\/\/i0.wp.com\/realitatearutiera.ro\/wp-content\/uploads\/2025\/01\/image-59.png?resize=768%2C448&amp;ssl=1 768w, https:\/\/i0.wp.com\/realitatearutiera.ro\/wp-content\/uploads\/2025\/01\/image-59.png?w=1200&amp;ssl=1 1200w\" sizes=\"auto, (max-width: 800px) 100vw, 800px\" data-recalc-dims=\"1\" \/><\/figure>\n\n\n\n<p><a href=\"https:\/\/observatornews.ro\/autori\/redactia-observator-id29.html\"><\/a><\/p>\n\n\n\n<p>\u015eoferi\u0163a a pierdut controlul volanului \u015fi a intrat \u00eentr-o autoutilitar\u0103<\/p>\n\n\n\n<ul class=\"wp-block-list\"><\/ul>\n\n\n\n<p><em>&#8220;Din primele cercet\u0103ri la fa\u0163a locului a reie\u015fit faptul c\u0103 o t\u00e2n\u0103r\u0103 de 26 de ani, care conducea un autoturism pe sensul de mers Buz\u0103u c\u0103tre Ploie\u015fti, ar fi pierdut controlul asupra direc\u0163iei de deplasare \u015fi ar fi intrat \u00een coliziune cu un ansamblu de vehicule format dintr-o autoutilitar\u0103 \u015fi o semiremorc\u0103, condus de c\u0103tre un b\u0103rbat de 34 de ani, pe sensul de mers Ploie\u015fti c\u0103tre Buz\u0103u&#8221;<\/em>, informeaz\u0103 Inspectoratul Jude\u0163ean de Poli\u0163ie Prahova.<\/p>\n\n\n\n<p>T\u00e2n\u0103ra a decedat \u00een urma impactului. B\u0103rbatul a fost testat cu aparatul etilotest, rezultatul fiind negativ. \u00cen cauz\u0103, a fost \u00eentocmit dosar penal sub aspectul s\u0103v\u00e2r\u015firii infrac\u0163iunii de ucidere din culp\u0103.<\/p>\n\n\n\n<h2 class=\"wp-block-heading\">T\u00e2n\u0103ra a murit pe loc<\/h2>\n\n\n\n<p><em>&#8220;Pompierii militari prahoveni intervin pentru asigurarea m\u0103surilor specifice de prevenire a incendiilor, descarcerarea \u0219i acordarea asisten\u021bei medicale de urgen\u021b\u0103 \u00een cazul producerii unui accident rutier \u00een localitatea Valea C\u0103lug\u0103reasc\u0103, pe DN1B.<\/em><\/p>\n\n\n\n<p><em>Au fost mobilizate o autospecial\u0103 de stingere, o descarcerare, o ambulan\u021b\u0103 SMURD \u0219i echipajul SMURD-TIM (cu medic). \u00cen evenimentul rutier au fost implicate o autobasculanta \u0219i un autoturism, precum \u0219i cei 2 ocupan\u021bi ai acestora. Din nefericire, persoana din autoturism, femeie \u00een v\u00e2rst\u0103 de 24 ani, nu a supravie\u021buit impactului&#8221;<\/em>, a transmis \u015fi&nbsp;<strong>ISU Prahova<\/strong>.<\/p>\n\n\n\n<p>Sursa:observatornews<\/p>\n","protected":false},"excerpt":{"rendered":"<p>O t\u00e2n\u0103r\u0103 de 26\u00a0de ani a decedat, miercuri diminea\u0163\u0103, \u00eentr-un accident rutier care s-a produs pe Drumul Na\u0163ional 1B, \u00een<\/p>\n","protected":false},"author":1,"featured_media":98109,"comment_status":"open","ping_status":"closed","sticky":false,"template":"","format":"standard","meta":{"spay_email":"","footnotes":"","jetpack_publicize_message":""},"categories":[1],"tags":[],"class_list":["post-120364","post","type-post","status-publish","format-standard","has-post-thumbnail","hentry","category-uncategorized"],"jetpack_featured_media_url":"https:\/\/realitatearutiera.ro\/wp-content\/uploads\/2023\/04\/accident.webp","jetpack_publicize_connections":[],"jetpack_sharing_enabled":true,"jetpack_shortlink":"https:\/\/wp.me\/p61naM-vjm","jetpack-related-posts":[],"_links":{"self":[{"href":"https:\/\/realitatearutiera.ro\/index.php?rest_route=\/wp\/v2\/posts\/120364","targetHints":{"allow":["GET"]}}],"collection":[{"href":"https:\/\/realitatearutiera.ro\/index.php?rest_route=\/wp\/v2\/posts"}],"about":[{"href":"https:\/\/realitatearutiera.ro\/index.php?rest_route=\/wp\/v2\/types\/post"}],"author":[{"embeddable":true,"href":"https:\/\/realitatearutiera.ro\/index.php?rest_route=\/wp\/v2\/users\/1"}],"replies":[{"embeddable":true,"href":"https:\/\/realitatearutiera.ro\/index.php?rest_route=%2Fwp%2Fv2%2Fcomments&post=120364"}],"version-history":[{"count":1,"href":"https:\/\/realitatearutiera.ro\/index.php?rest_route=\/wp\/v2\/posts\/120364\/revisions"}],"predecessor-version":[{"id":120366,"href":"https:\/\/realitatearutiera.ro\/index.php?rest_route=\/wp\/v2\/posts\/120364\/revisions\/120366"}],"wp:featuredmedia":[{"embeddable":true,"href":"https:\/\/realitatearutiera.ro\/index.php?rest_route=\/wp\/v2\/media\/98109"}],"wp:attachment":[{"href":"https:\/\/realitatearutiera.ro\/index.php?rest_route=%2Fwp%2Fv2%2Fmedia&parent=120364"}],"wp:term":[{"taxonomy":"category","embeddable":true,"href":"https:\/\/realitatearutiera.ro\/index.php?rest_route=%2Fwp%2Fv2%2Fcategories&post=120364"},{"taxonomy":"post_tag","embeddable":true,"href":"https:\/\/realitatearutiera.ro\/index.php?rest_route=%2Fwp%2Fv2%2Ftags&post=120364"}],"curies":[{"name":"wp","href":"https:\/\/api.w.org\/{rel}","templated":true}]}}