{"id":120597,"date":"2025-01-29T08:49:21","date_gmt":"2025-01-29T06:49:21","guid":{"rendered":"https:\/\/realitatearutiera.ro\/?p=120597"},"modified":"2025-01-29T08:49:23","modified_gmt":"2025-01-29T06:49:23","slug":"vremea-temperaturi-de-primavara-in-mijlocul-iernii","status":"publish","type":"post","link":"https:\/\/realitatearutiera.ro\/?p=120597","title":{"rendered":"Vremea.Temperaturi de prim\u0103var\u0103 \u00een mijlocul iernii"},"content":{"rendered":"\n<p>Administra\u021bia Na\u021bional\u0103 de Meteorologie(ANM) a emis prognoza meteo pentru miercuri, 29 ianuarie. \u00cen ultimele zile din luna ianuarie temperaturile sunt deosebit de ridicate pentru aceast\u0103 perioad\u0103 a anului.&nbsp;<img loading=\"lazy\" decoding=\"async\" src=\"https:\/\/i0.wp.com\/cdn.adh.reperio.news\/image-8\/84294f12-a2b0-4b0a-8ece-f2e13dcfc45c\/index.jpeg?resize=800%2C385&#038;ssl=1\" alt=\"Vreme deosebit de cald\u0103 \u00een ianuarie FOTO Arhiv\u0103 Adev\u0103rul \" width=\"800\" height=\"385\"  data-recalc-dims=\"1\"><\/p>\n\n\n\n<p>Vreme deosebit de cald\u0103 \u00een ianuarie FOTO Arhiv\u0103 Adev\u0103rul<\/p>\n\n\n\n<p>Regimul termic se va situa&nbsp;<a href=\"https:\/\/adevarul.ro\/stiri-interne\/meteo\/prognoza-meteo-pana-la-finalul-lunii-ianuarie-2417717.html\">peste cel normal pentru aceast\u0103 dat\u0103<\/a>, de\u0219i valorile de temperatur\u0103 vor fi \u00een sc\u0103dere \u00een jum\u0103tatea de nord a teritoriului. Cerul va fi temporar noros \u0219i va ploua, cu o probabilitate mai mare ziua pe arii restr\u00e2nse \u00een vest, nord-vest \u0219i centru, iar noaptea local \u00eendeosebi \u00een regiunile sud-vestice \u0219i centrale.<\/p>\n\n\n\n<p>La munte, la altitudini de peste 1500 m, precipita\u021biile vor fi mixte. V\u00e2ntul va sufla slab \u0219i moderat, cu u\u0219oare intensific\u0103ri \u00een nordul Cri\u0219anei \u0219i pe crestele montane.<\/p>\n\n\n\n<p>Temperaturile maxime se vor situa \u00eentre 8 \u0219i 19 grade, iar cele minime vor fi cuprinse \u00eentre -3 \u0219i 8 grade, u\u0219or mai sc\u0103zute \u00een depresiuni. Diminea\u021ba \u0219i noaptea, cu prec\u0103dere \u00een regiunile extracarpatice \u0219i \u00een depresiuni, pe arii restr\u00e2nse se va forma cea\u021b\u0103.<\/p>\n\n\n\n<h2 class=\"wp-block-heading\">Vremea \u00een Capital\u0103&nbsp;<\/h2>\n\n\n\n<p>Valorile termice se vor situa \u00een continuare mult peste cele normale pentru sf\u00e2r\u0219itul lunii ianuarie. Cerul va fi variabil, cu \u00eennor\u0103ri noaptea, dar probabilitatea de ploaie va fi redus\u0103. V\u00e2ntul va sufla slab \u0219i moderat. Temperatura maxim\u0103 se va situa \u00een jurul a 17 grade, iar cea minim\u0103 va fi de 2&#8230;4 grade.<\/p>\n\n\n\n<h2 class=\"wp-block-heading\">Cod galben de cea\u0163\u0103 \u00een mai multe jude\u0163e din \u021bar\u0103<\/h2>\n\n\n\n<p>Diminea\u021ba vor fi condi\u021bii de cea\u021b\u0103.&nbsp;Meteorologii au emis&nbsp;<a href=\"https:\/\/adevarul.ro\/stiri-interne\/meteo\/cod-galben-de-ceata-in-mai-multe-judete-din-tara-2418100.html\">avertiz\u0103ri de cod galben de cea\u0163\u0103 \u00een mai multe jude\u0163e<\/a>, valabile p\u00e2n\u0103 la ora 09.00. Centrul Infotrafic avertizeaz\u0103 \u015foferii c\u0103 vizibilitatea este \u00een unele zone redus\u0103 sub 50 de metri.<\/p>\n\n\n\n<p>Sursa:adevarul<\/p>\n\n\n\n<p><\/p>\n","protected":false},"excerpt":{"rendered":"<p>Administra\u021bia Na\u021bional\u0103 de Meteorologie(ANM) a emis prognoza meteo pentru miercuri, 29 ianuarie. \u00cen ultimele zile din luna ianuarie temperaturile sunt<\/p>\n","protected":false},"author":1,"featured_media":95784,"comment_status":"open","ping_status":"closed","sticky":false,"template":"","format":"standard","meta":{"spay_email":"","footnotes":"","jetpack_publicize_message":""},"categories":[6],"tags":[],"class_list":["post-120597","post","type-post","status-publish","format-standard","has-post-thumbnail","hentry","category-social"],"jetpack_featured_media_url":"https:\/\/realitatearutiera.ro\/wp-content\/uploads\/2023\/02\/meteo-vremea-1-1024x379-1.webp","jetpack_publicize_connections":[],"jetpack_sharing_enabled":true,"jetpack_shortlink":"https:\/\/wp.me\/p61naM-vn7","jetpack-related-posts":[],"_links":{"self":[{"href":"https:\/\/realitatearutiera.ro\/index.php?rest_route=\/wp\/v2\/posts\/120597","targetHints":{"allow":["GET"]}}],"collection":[{"href":"https:\/\/realitatearutiera.ro\/index.php?rest_route=\/wp\/v2\/posts"}],"about":[{"href":"https:\/\/realitatearutiera.ro\/index.php?rest_route=\/wp\/v2\/types\/post"}],"author":[{"embeddable":true,"href":"https:\/\/realitatearutiera.ro\/index.php?rest_route=\/wp\/v2\/users\/1"}],"replies":[{"embeddable":true,"href":"https:\/\/realitatearutiera.ro\/index.php?rest_route=%2Fwp%2Fv2%2Fcomments&post=120597"}],"version-history":[{"count":1,"href":"https:\/\/realitatearutiera.ro\/index.php?rest_route=\/wp\/v2\/posts\/120597\/revisions"}],"predecessor-version":[{"id":120598,"href":"https:\/\/realitatearutiera.ro\/index.php?rest_route=\/wp\/v2\/posts\/120597\/revisions\/120598"}],"wp:featuredmedia":[{"embeddable":true,"href":"https:\/\/realitatearutiera.ro\/index.php?rest_route=\/wp\/v2\/media\/95784"}],"wp:attachment":[{"href":"https:\/\/realitatearutiera.ro\/index.php?rest_route=%2Fwp%2Fv2%2Fmedia&parent=120597"}],"wp:term":[{"taxonomy":"category","embeddable":true,"href":"https:\/\/realitatearutiera.ro\/index.php?rest_route=%2Fwp%2Fv2%2Fcategories&post=120597"},{"taxonomy":"post_tag","embeddable":true,"href":"https:\/\/realitatearutiera.ro\/index.php?rest_route=%2Fwp%2Fv2%2Ftags&post=120597"}],"curies":[{"name":"wp","href":"https:\/\/api.w.org\/{rel}","templated":true}]}}