{"id":12181,"date":"2016-08-30T11:40:47","date_gmt":"2016-08-30T08:40:47","guid":{"rendered":"http:\/\/realitatearutiera.ro\/?p=12181"},"modified":"2016-08-30T11:40:47","modified_gmt":"2016-08-30T08:40:47","slug":"a-adormit-la-volan-in-drum-spre-casa-si","status":"publish","type":"post","link":"https:\/\/realitatearutiera.ro\/?p=12181","title":{"rendered":"A adormit la volan \u00een drum spre cas\u0103, \u015fi&#8230;."},"content":{"rendered":"<p>Potrivit poli\u0163i\u015ftilor, un \u015fofer \u00een v\u00e2rst\u0103 de 42 de ani, din C\u00e2mpulung, a adormit la volan \u00een drum spre cas\u0103, a p\u0103truns pe contrasens pe Drumul Na\u0163ional 73, care leag\u0103 Pite\u015ftiul de C\u00e2mpulung \u015fi a lovit trei ma\u015fini parcate \u00een fa\u0163a unui magazin din comuna St\u00e2lpeni.<\/p>\n<p>\u015eoferul le-a declarat poli\u0163i\u015ftilor c\u0103 tocmai a ie\u015fit de la munc\u0103, din schimbul trei.<\/p>\n<p>\u00cen urma impactului, un pasager din ma\u015fina \u015foferului, \u00een v\u00e2rst\u0103 de 25 de ani din C\u00e2mpulung \u015fi o femeie \u00een v\u00e2rst\u0103 de 49 de ani, din localitatea B\u0103lile\u015fti, aflat\u0103 \u00eentr-unul din autoturismele parcate, au fost r\u0103ni\u0163i. Victimele au fost transportate la spital, iar Poli\u0163ia a \u00eenceput o anchet\u0103 \u00een acest caz.<\/p>\n<p>&#8220;Colegii mei au \u00eentocmit dosar penal pentru v\u0103t\u0103mare corporal\u0103 din culp\u0103. Nu s-a pus problema consumului de alcool&#8221;, a declarat\u00a0purt\u0103torul de cuv\u00e2nt al IPJ Arge\u015f, M\u0103d\u0103lin Zamfir.<\/p>\n<p>Traficul \u00eentre C\u00e2mpulung \u015fi Pite\u015fti se desf\u0103\u015foar\u0103 cu dificultate.<\/p>\n<p>Sursa:realitatea.net<\/p>\n<p>&nbsp;<\/p>\n","protected":false},"excerpt":{"rendered":"<p>Potrivit poli\u0163i\u015ftilor, un \u015fofer \u00een v\u00e2rst\u0103 de 42 de ani, din C\u00e2mpulung, a adormit la volan \u00een drum spre cas\u0103,<\/p>\n","protected":false},"author":1,"featured_media":11918,"comment_status":"closed","ping_status":"closed","sticky":false,"template":"","format":"standard","meta":{"spay_email":"","footnotes":"","jetpack_publicize_message":""},"categories":[1],"tags":[],"class_list":["post-12181","post","type-post","status-publish","format-standard","has-post-thumbnail","hentry","category-uncategorized"],"jetpack_featured_media_url":"https:\/\/i0.wp.com\/realitatearutiera.ro\/wp-content\/uploads\/2016\/08\/smurd.jpg?fit=236%2C118&ssl=1","jetpack_publicize_connections":[],"jetpack_sharing_enabled":true,"jetpack_shortlink":"https:\/\/wp.me\/p61naM-3at","jetpack-related-posts":[],"_links":{"self":[{"href":"https:\/\/realitatearutiera.ro\/index.php?rest_route=\/wp\/v2\/posts\/12181","targetHints":{"allow":["GET"]}}],"collection":[{"href":"https:\/\/realitatearutiera.ro\/index.php?rest_route=\/wp\/v2\/posts"}],"about":[{"href":"https:\/\/realitatearutiera.ro\/index.php?rest_route=\/wp\/v2\/types\/post"}],"author":[{"embeddable":true,"href":"https:\/\/realitatearutiera.ro\/index.php?rest_route=\/wp\/v2\/users\/1"}],"replies":[{"embeddable":true,"href":"https:\/\/realitatearutiera.ro\/index.php?rest_route=%2Fwp%2Fv2%2Fcomments&post=12181"}],"version-history":[{"count":1,"href":"https:\/\/realitatearutiera.ro\/index.php?rest_route=\/wp\/v2\/posts\/12181\/revisions"}],"predecessor-version":[{"id":12182,"href":"https:\/\/realitatearutiera.ro\/index.php?rest_route=\/wp\/v2\/posts\/12181\/revisions\/12182"}],"wp:featuredmedia":[{"embeddable":true,"href":"https:\/\/realitatearutiera.ro\/index.php?rest_route=\/wp\/v2\/media\/11918"}],"wp:attachment":[{"href":"https:\/\/realitatearutiera.ro\/index.php?rest_route=%2Fwp%2Fv2%2Fmedia&parent=12181"}],"wp:term":[{"taxonomy":"category","embeddable":true,"href":"https:\/\/realitatearutiera.ro\/index.php?rest_route=%2Fwp%2Fv2%2Fcategories&post=12181"},{"taxonomy":"post_tag","embeddable":true,"href":"https:\/\/realitatearutiera.ro\/index.php?rest_route=%2Fwp%2Fv2%2Ftags&post=12181"}],"curies":[{"name":"wp","href":"https:\/\/api.w.org\/{rel}","templated":true}]}}