{"id":121914,"date":"2025-03-04T09:29:24","date_gmt":"2025-03-04T07:29:24","guid":{"rendered":"https:\/\/realitatearutiera.ro\/?p=121914"},"modified":"2025-03-04T09:29:30","modified_gmt":"2025-03-04T07:29:30","slug":"oboseala-la-volan-face-victime","status":"publish","type":"post","link":"https:\/\/realitatearutiera.ro\/?p=121914","title":{"rendered":"Oboseala la volan face victime"},"content":{"rendered":"\n<h3 class=\"wp-block-heading\" id=\"locotenet-colonel-constantin-luca-a-alertat-fortele-de-interventie-si-a-acordat-primul-ajutor-la-un-accident-petrecut-la-secuienii-noi-doi-barbati-au-suferit-leziuni\">\u00a0Locotenet colonel Constantin Luca a alertat for\u021bele de interven\u021bie \u0219i a acordat primul ajutor la un accident petrecut la Secuienii Noi \u25a0 doi b\u0103rba\u021bi au suferit leziuni <\/h3>\n\n\n\n<figure class=\"wp-block-image size-large is-resized\"><img loading=\"lazy\" decoding=\"async\" width=\"800\" height=\"600\" data-attachment-id=\"121915\" data-permalink=\"https:\/\/realitatearutiera.ro\/?attachment_id=121915\" data-orig-file=\"https:\/\/i1.wp.com\/realitatearutiera.ro\/wp-content\/uploads\/2025\/03\/image-8.png?fit=1600%2C1200&amp;ssl=1\" data-orig-size=\"1600,1200\" data-comments-opened=\"1\" data-image-meta=\"{&quot;aperture&quot;:&quot;0&quot;,&quot;credit&quot;:&quot;&quot;,&quot;camera&quot;:&quot;&quot;,&quot;caption&quot;:&quot;&quot;,&quot;created_timestamp&quot;:&quot;0&quot;,&quot;copyright&quot;:&quot;&quot;,&quot;focal_length&quot;:&quot;0&quot;,&quot;iso&quot;:&quot;0&quot;,&quot;shutter_speed&quot;:&quot;0&quot;,&quot;title&quot;:&quot;&quot;,&quot;orientation&quot;:&quot;0&quot;}\" data-image-title=\"image\" data-image-description=\"\" data-medium-file=\"https:\/\/i1.wp.com\/realitatearutiera.ro\/wp-content\/uploads\/2025\/03\/image-8.png?fit=300%2C225&amp;ssl=1\" data-large-file=\"https:\/\/i1.wp.com\/realitatearutiera.ro\/wp-content\/uploads\/2025\/03\/image-8.png?fit=800%2C600&amp;ssl=1\" src=\"https:\/\/i0.wp.com\/realitatearutiera.ro\/wp-content\/uploads\/2025\/03\/image-8-1024x768.png?resize=800%2C600&#038;ssl=1\" alt=\"\" class=\"wp-image-121915\" style=\"width:609px;height:auto\" srcset=\"https:\/\/i1.wp.com\/realitatearutiera.ro\/wp-content\/uploads\/2025\/03\/image-8.png?resize=1024%2C768&amp;ssl=1 1024w, https:\/\/i1.wp.com\/realitatearutiera.ro\/wp-content\/uploads\/2025\/03\/image-8.png?resize=300%2C225&amp;ssl=1 300w, https:\/\/i1.wp.com\/realitatearutiera.ro\/wp-content\/uploads\/2025\/03\/image-8.png?resize=768%2C576&amp;ssl=1 768w, https:\/\/i1.wp.com\/realitatearutiera.ro\/wp-content\/uploads\/2025\/03\/image-8.png?resize=1536%2C1152&amp;ssl=1 1536w, https:\/\/i1.wp.com\/realitatearutiera.ro\/wp-content\/uploads\/2025\/03\/image-8.png?w=1600&amp;ssl=1 1600w\" sizes=\"auto, (max-width: 800px) 100vw, 800px\" data-recalc-dims=\"1\" \/><\/figure>\n\n\n\n<p>Un accident rutier produs pe E 85, \u00een localitatea Secuienii Noi, a fost sesizat prin apel la num\u0103rul de urgen\u021b\u0103 112 duminic\u0103, 2 martie 2025, la ora 13:41. Un autoturism \u00een care se aflau dou\u0103 persoane a p\u0103r\u0103sit partea carosabil\u0103 \u0219i s-a r\u0103sturnat, fiind incicii c\u0103 \u0219oferul ar fi adormit la volan.<\/p>\n\n\n\n<p>La locul solicit\u0103rii s-au deplasat dou\u0103 echipaje de pompieri cu o autospecial\u0103 de stingere cu modul pentru descarcerare, care se \u00eentorcea de la un incendiu petrecut la Secuieni \u0219i o ambulan\u021b\u0103 SMURD TIM din cadrul Deta\u0219amentului Roman \u0219i un echipaj de la Serviciul Jude\u021bean de Ambulan\u021b\u0103 \u2013 Substa\u021bia Roman.<\/p>\n\n\n\n<p>Doi b\u0103rba\u021bi de 56 \u0219i 72 de ani, cu multiple traumatisme, au primit \u00eengrijiri medicale de echipajele SMURD \u0219i Ambulan\u021b\u0103, dup\u0103 care au fost transporta\u021bi la Centrul de Primiri Urgen\u021be al Spitalului Municipal Roman. Pompieri au ac\u021bionat pentru asigurarea m\u0103surilor de prevenire \u0219i stingere a incendiilor.<\/p>\n\n\n\n<p>\u201eApelul a fost f\u0103cut de c\u0103tre colegul nostru, locotenent colonel Luca Constantin (comandantul Deta\u0219amentului Roman), care a ajuns \u00een zon\u0103 imediat dup\u0103 producerea accidentului. Dup\u0103 o evaluare preliminar\u0103 a constat c\u0103 una dintre cele dou\u0103 victime se afla pe c\u00e2mp, la o distan\u021b\u0103 de aproximativ 15 m fa\u0163\u0103 de autoturism\u201d, a transmis ISU Neam\u021b.<\/p>\n\n\n\n<p>\u0218i cealalt\u0103 victim\u0103 a primit \u00eengrijiri medicale, ac\u021bion\u00e2ndu-se pentru oprirea hemoragiei de la nivelul capului. \u00cen comunicatul ISU se mai precizeaz\u0103 c\u0103: \u201etoate acestea, colegul nostru le-a f\u0103cut \u0219i cu ajutorul altor participan\u021bi la trafic, care au intervenit \u0219i pentru \u00eendep\u0103rtarea pericolului de incendiu prin decuplarea bornelor de la bateria autoturismului\u201d.<\/p>\n\n\n\n<figure class=\"wp-block-image\"><img decoding=\"async\" src=\"https:\/\/i0.wp.com\/monitorulneamt.ro\/wp-content\/uploads\/2025\/03\/accidsecuineopol.jpg?resize=663%2C373&amp;ssl=1\" alt=\"\" class=\"wp-image-248109\"\/><\/figure>\n\n\n\n<p>\u00cemprejur\u0103rile \u00een care s-a petrecut acest accident sunt anchetate c\u0103tre poli\u021bi\u0219ti, efectu\u00e2ndu-se cercet\u0103ri pentru v\u0103t\u0103mare din culp\u0103. La volanul autoturismului era un &nbsp;b\u0103rbat \u00een v\u00e2rst\u0103 de 56 de ani, din jude\u021bul Suceava, \u00een ma\u0219in\u0103 fiind \u0219i un pasager de 75 de ani, din Tulcea. Conduc\u0103torul auto a fost testat alcoolscopic, rezultatul fiind negativ.<\/p>\n\n\n\n<p>Sursa:monitorulneamt<a href=\"https:\/\/www.facebook.com\/sharer.php?u=https:\/\/monitorulneamt.ro\/comandantul-pompierilor-din-roman-interventie-prompta-in-sprijinul-unor-raniti\/\" target=\"_blank\" rel=\"noreferrer noopener\"><\/a><\/p>\n\n\n\n<p><\/p>\n","protected":false},"excerpt":{"rendered":"<p>\u00a0Locotenet colonel Constantin Luca a alertat for\u021bele de interven\u021bie \u0219i a acordat primul ajutor la un accident petrecut la Secuienii<\/p>\n","protected":false},"author":1,"featured_media":121916,"comment_status":"open","ping_status":"closed","sticky":false,"template":"","format":"standard","meta":{"spay_email":"","footnotes":"","jetpack_publicize_message":""},"categories":[1],"tags":[],"class_list":["post-121914","post","type-post","status-publish","format-standard","has-post-thumbnail","hentry","category-uncategorized"],"jetpack_featured_media_url":"https:\/\/i2.wp.com\/realitatearutiera.ro\/wp-content\/uploads\/2025\/03\/accident-rutier-cu-victima.jpg?fit=1191%2C568&ssl=1","jetpack_publicize_connections":[],"jetpack_sharing_enabled":true,"jetpack_shortlink":"https:\/\/wp.me\/p61naM-vIm","jetpack-related-posts":[],"_links":{"self":[{"href":"https:\/\/realitatearutiera.ro\/index.php?rest_route=\/wp\/v2\/posts\/121914","targetHints":{"allow":["GET"]}}],"collection":[{"href":"https:\/\/realitatearutiera.ro\/index.php?rest_route=\/wp\/v2\/posts"}],"about":[{"href":"https:\/\/realitatearutiera.ro\/index.php?rest_route=\/wp\/v2\/types\/post"}],"author":[{"embeddable":true,"href":"https:\/\/realitatearutiera.ro\/index.php?rest_route=\/wp\/v2\/users\/1"}],"replies":[{"embeddable":true,"href":"https:\/\/realitatearutiera.ro\/index.php?rest_route=%2Fwp%2Fv2%2Fcomments&post=121914"}],"version-history":[{"count":1,"href":"https:\/\/realitatearutiera.ro\/index.php?rest_route=\/wp\/v2\/posts\/121914\/revisions"}],"predecessor-version":[{"id":121917,"href":"https:\/\/realitatearutiera.ro\/index.php?rest_route=\/wp\/v2\/posts\/121914\/revisions\/121917"}],"wp:featuredmedia":[{"embeddable":true,"href":"https:\/\/realitatearutiera.ro\/index.php?rest_route=\/wp\/v2\/media\/121916"}],"wp:attachment":[{"href":"https:\/\/realitatearutiera.ro\/index.php?rest_route=%2Fwp%2Fv2%2Fmedia&parent=121914"}],"wp:term":[{"taxonomy":"category","embeddable":true,"href":"https:\/\/realitatearutiera.ro\/index.php?rest_route=%2Fwp%2Fv2%2Fcategories&post=121914"},{"taxonomy":"post_tag","embeddable":true,"href":"https:\/\/realitatearutiera.ro\/index.php?rest_route=%2Fwp%2Fv2%2Ftags&post=121914"}],"curies":[{"name":"wp","href":"https:\/\/api.w.org\/{rel}","templated":true}]}}