{"id":122442,"date":"2025-03-19T09:45:26","date_gmt":"2025-03-19T07:45:26","guid":{"rendered":"https:\/\/realitatearutiera.ro\/?p=122442"},"modified":"2025-03-19T09:46:04","modified_gmt":"2025-03-19T07:46:04","slug":"adolescenta-lovita-pe-marcaj-pietonal-soferul-a-fugit-de-la-locul-faptei","status":"publish","type":"post","link":"https:\/\/realitatearutiera.ro\/?p=122442","title":{"rendered":"Adolescent\u0103 lovit\u0103 pe marcaj pietonal. \u0218oferul a fugit de la locul faptei"},"content":{"rendered":"\n<p>Cadrele Serviciului Rutier au fost sesizate prin 112, pe data de 16 martie 2025, la ora 15.30, de c\u0103tre o femeie, cu privire la faptul c\u0103, fiica sa, \u00een v\u00e2rst\u0103 de 15 ani, \u00een timp ce se afla \u00een traversarea unei str\u0103zi din Dobreni, pe marcajul pietonal, a fost victima unui accident rutier.<\/p>\n\n\n\n<p>Dup\u0103 acest nedorit incident, conduc\u0103torul autoturismului \u0219i-a continuat deplasarea. \u00cen urma activit\u0103\u021bilor desf\u0103\u0219urate de poli\u021bi\u0219ti, a fost depistat \u0219i identificat conduc\u0103torul autoturismului, un b\u0103rbat \u00een v\u00e2rst\u0103 de 75 de ani, din municipiul Piatra-Neam\u021b.<\/p>\n\n\n\n<p>\u201ePoli\u021bi\u0219tii l-au testat alcoolscopic, rezultatul fiind negativ. Minora a fost transportat\u0103 la o unitate medical\u0103, \u00een vederea acord\u0103rii de \u00eengrijiri medicale. Continu\u0103 cercet\u0103rile sub aspectul s\u0103v\u00e2r\u0219irii infrac\u021biunii de v\u0103t\u0103mare corporal\u0103 din culp\u0103 \u0219i p\u0103r\u0103sirea locului accidentului\u201d, a transmis Poli\u021bia Neam\u021b.<\/p>\n\n\n\n<p>Cu o zi \u00een urm\u0103, \u00een jurul orei 16.00, poli\u021bi\u0219tii din T\u00e2rgu Neam\u021b au fost sesiza\u021bi cu privire la producerea unui eveniment rutier, \u00een localitatea Grum\u0103ze\u0219ti. \u00cen urma verific\u0103rilor efectuate, s-a stabilit faptul c\u0103 un t\u00e2n\u0103r, \u00een v\u00e2rst\u0103 de 17 ani, din comuna men\u021bionat\u0103, se deplasa pe o motociclet\u0103, pe DC 13.<\/p>\n\n\n\n<p>La un moment dat a pierdut controlul asupra direc\u021biei de deplasare, \u00eentr\u00e2nd \u00een coliziune cu un gard betonat. \u00cen urma evenimentului rutier, a rezultat r\u0103nirea t\u00e2n\u0103rului, care a fost transportat la o unitate medical\u0103. Poli\u021bi\u0219tii l-au testat alcoolscopic, rezultatul fiind negativ.<\/p>\n\n\n\n<p>Sursa:monitorulneamt<\/p>\n","protected":false},"excerpt":{"rendered":"<p>Cadrele Serviciului Rutier au fost sesizate prin 112, pe data de 16 martie 2025, la ora 15.30, de c\u0103tre o<\/p>\n","protected":false},"author":1,"featured_media":96612,"comment_status":"open","ping_status":"closed","sticky":false,"template":"","format":"standard","meta":{"spay_email":"","footnotes":"","jetpack_publicize_message":""},"categories":[1],"tags":[],"class_list":["post-122442","post","type-post","status-publish","format-standard","has-post-thumbnail","hentry","category-uncategorized"],"jetpack_featured_media_url":"https:\/\/i1.wp.com\/realitatearutiera.ro\/wp-content\/uploads\/2023\/03\/accident_2777d40c6e.jpg?fit=1920%2C1080&ssl=1","jetpack_publicize_connections":[],"jetpack_sharing_enabled":true,"jetpack_shortlink":"https:\/\/wp.me\/p61naM-vQS","jetpack-related-posts":[],"_links":{"self":[{"href":"https:\/\/realitatearutiera.ro\/index.php?rest_route=\/wp\/v2\/posts\/122442","targetHints":{"allow":["GET"]}}],"collection":[{"href":"https:\/\/realitatearutiera.ro\/index.php?rest_route=\/wp\/v2\/posts"}],"about":[{"href":"https:\/\/realitatearutiera.ro\/index.php?rest_route=\/wp\/v2\/types\/post"}],"author":[{"embeddable":true,"href":"https:\/\/realitatearutiera.ro\/index.php?rest_route=\/wp\/v2\/users\/1"}],"replies":[{"embeddable":true,"href":"https:\/\/realitatearutiera.ro\/index.php?rest_route=%2Fwp%2Fv2%2Fcomments&post=122442"}],"version-history":[{"count":1,"href":"https:\/\/realitatearutiera.ro\/index.php?rest_route=\/wp\/v2\/posts\/122442\/revisions"}],"predecessor-version":[{"id":122443,"href":"https:\/\/realitatearutiera.ro\/index.php?rest_route=\/wp\/v2\/posts\/122442\/revisions\/122443"}],"wp:featuredmedia":[{"embeddable":true,"href":"https:\/\/realitatearutiera.ro\/index.php?rest_route=\/wp\/v2\/media\/96612"}],"wp:attachment":[{"href":"https:\/\/realitatearutiera.ro\/index.php?rest_route=%2Fwp%2Fv2%2Fmedia&parent=122442"}],"wp:term":[{"taxonomy":"category","embeddable":true,"href":"https:\/\/realitatearutiera.ro\/index.php?rest_route=%2Fwp%2Fv2%2Fcategories&post=122442"},{"taxonomy":"post_tag","embeddable":true,"href":"https:\/\/realitatearutiera.ro\/index.php?rest_route=%2Fwp%2Fv2%2Ftags&post=122442"}],"curies":[{"name":"wp","href":"https:\/\/api.w.org\/{rel}","templated":true}]}}