{"id":122448,"date":"2025-03-19T10:11:47","date_gmt":"2025-03-19T08:11:47","guid":{"rendered":"https:\/\/realitatearutiera.ro\/?p=122448"},"modified":"2025-03-19T10:11:48","modified_gmt":"2025-03-19T08:11:48","slug":"accident-la-tecuci-un-sofer-baut-a-intrat-cu-masina-in-poarta-cimitirului","status":"publish","type":"post","link":"https:\/\/realitatearutiera.ro\/?p=122448","title":{"rendered":"Accident la Tecuci: Un \u0219ofer b\u0103ut a intrat cu ma\u015fina \u00een poarta cimitirului!"},"content":{"rendered":"\n<p>B\u0103ut la volan, a provocat un accident! <\/p>\n\n\n\n<figure class=\"wp-block-image size-full\"><img loading=\"lazy\" decoding=\"async\" width=\"780\" height=\"440\" data-attachment-id=\"122449\" data-permalink=\"https:\/\/realitatearutiera.ro\/?attachment_id=122449\" data-orig-file=\"https:\/\/i1.wp.com\/realitatearutiera.ro\/wp-content\/uploads\/2025\/03\/image-45.png?fit=780%2C440&amp;ssl=1\" data-orig-size=\"780,440\" data-comments-opened=\"1\" data-image-meta=\"{&quot;aperture&quot;:&quot;0&quot;,&quot;credit&quot;:&quot;&quot;,&quot;camera&quot;:&quot;&quot;,&quot;caption&quot;:&quot;&quot;,&quot;created_timestamp&quot;:&quot;0&quot;,&quot;copyright&quot;:&quot;&quot;,&quot;focal_length&quot;:&quot;0&quot;,&quot;iso&quot;:&quot;0&quot;,&quot;shutter_speed&quot;:&quot;0&quot;,&quot;title&quot;:&quot;&quot;,&quot;orientation&quot;:&quot;0&quot;}\" data-image-title=\"image\" data-image-description=\"\" data-medium-file=\"https:\/\/i1.wp.com\/realitatearutiera.ro\/wp-content\/uploads\/2025\/03\/image-45.png?fit=300%2C169&amp;ssl=1\" data-large-file=\"https:\/\/i1.wp.com\/realitatearutiera.ro\/wp-content\/uploads\/2025\/03\/image-45.png?fit=780%2C440&amp;ssl=1\" src=\"https:\/\/i1.wp.com\/realitatearutiera.ro\/wp-content\/uploads\/2025\/03\/image-45.png?resize=780%2C440&#038;ssl=1\" alt=\"\" class=\"wp-image-122449\" srcset=\"https:\/\/i1.wp.com\/realitatearutiera.ro\/wp-content\/uploads\/2025\/03\/image-45.png?w=780&amp;ssl=1 780w, https:\/\/i1.wp.com\/realitatearutiera.ro\/wp-content\/uploads\/2025\/03\/image-45.png?resize=300%2C169&amp;ssl=1 300w, https:\/\/i1.wp.com\/realitatearutiera.ro\/wp-content\/uploads\/2025\/03\/image-45.png?resize=768%2C433&amp;ssl=1 768w\" sizes=\"auto, (max-width: 780px) 100vw, 780px\" data-recalc-dims=\"1\" \/><\/figure>\n\n\n\n<p>Poli\u0163ia Municipiului Tecuci a fost sesizat\u0103 la data de 18 martie 2025, \u00een jurul orei 01.44, cu privire la producerea unui eveniment rutier soldat cu r\u0103nirea unei persoane care a fost transportat\u0103 la spital, \u00een vederea acord\u0103rii de \u00eengrijiri medicale. Poli\u0163i\u015ftii Biroului Rutier Tecuci s-au deplasat imediat la fa\u0163a locului \u015fi au stabilit c\u0103 un autoturism condus de un b\u0103rbat, \u00een v\u00e2rst\u0103 de 38 de ani, din municipiul Tecuci, care se deplasa pe strada Dacia, din aceea\u015fi localitate, ar fi pierdut controlul asupra direc\u0163iei de mers \u015fi ar fi intrat \u00een poarta mare de acces a unui cimitir. \u00cen urma impactului, conduc\u0103torul auto \u015fi pasagerul din autoturism, un t\u00e2n\u0103r de 27 de ani, au fost r\u0103ni\u0163i.<br>De asemenea, b\u0103rbatul de 38 de ani ar fi mutat autoturismul pe o strad\u0103 din apropiere, f\u0103r\u0103 a sesiza organele de poli\u0163ie, iar la testarea cu aparatul etilotest, a rezultat valoarea de 0,98 mg\/alcool pur \u00een aerul expirat. La spital, acestuia i-au fost prelevate mostre biologice, pentru stabilirea cu exactitate a valorii alcoolemiei. Cercet\u0103rile sunt continuate de c\u0103tre poli\u0163i\u015fti, \u00een cadrul unui dosar penal deschis pentru s\u0103v\u00e2r\u015firea infrac\u0163iunii de v\u0103t\u0103mare corporal\u0103 din culp\u0103, conducere a unui vehicul sub influen\u0163a alcoolului \u015fi p\u0103r\u0103sirea locului accidentului ori modificarea sau \u015ftergerea urmelor acestuia, potrivit IPJ Gala\u0163i.<\/p>\n\n\n\n<p>Sursa\/foto:monitoruldegalati<\/p>\n\n\n\n<p><\/p>\n","protected":false},"excerpt":{"rendered":"<p>B\u0103ut la volan, a provocat un accident! Poli\u0163ia Municipiului Tecuci a fost sesizat\u0103 la data de 18 martie 2025, \u00een<\/p>\n","protected":false},"author":1,"featured_media":113174,"comment_status":"open","ping_status":"closed","sticky":false,"template":"","format":"standard","meta":{"spay_email":"","footnotes":"","jetpack_publicize_message":""},"categories":[1],"tags":[],"class_list":["post-122448","post","type-post","status-publish","format-standard","has-post-thumbnail","hentry","category-uncategorized"],"jetpack_featured_media_url":"https:\/\/i0.wp.com\/realitatearutiera.ro\/wp-content\/uploads\/2024\/07\/semn-accident-850x560-1.jpg?fit=850%2C560&ssl=1","jetpack_publicize_connections":[],"jetpack_sharing_enabled":true,"jetpack_shortlink":"https:\/\/wp.me\/p61naM-vQY","jetpack-related-posts":[],"_links":{"self":[{"href":"https:\/\/realitatearutiera.ro\/index.php?rest_route=\/wp\/v2\/posts\/122448","targetHints":{"allow":["GET"]}}],"collection":[{"href":"https:\/\/realitatearutiera.ro\/index.php?rest_route=\/wp\/v2\/posts"}],"about":[{"href":"https:\/\/realitatearutiera.ro\/index.php?rest_route=\/wp\/v2\/types\/post"}],"author":[{"embeddable":true,"href":"https:\/\/realitatearutiera.ro\/index.php?rest_route=\/wp\/v2\/users\/1"}],"replies":[{"embeddable":true,"href":"https:\/\/realitatearutiera.ro\/index.php?rest_route=%2Fwp%2Fv2%2Fcomments&post=122448"}],"version-history":[{"count":1,"href":"https:\/\/realitatearutiera.ro\/index.php?rest_route=\/wp\/v2\/posts\/122448\/revisions"}],"predecessor-version":[{"id":122450,"href":"https:\/\/realitatearutiera.ro\/index.php?rest_route=\/wp\/v2\/posts\/122448\/revisions\/122450"}],"wp:featuredmedia":[{"embeddable":true,"href":"https:\/\/realitatearutiera.ro\/index.php?rest_route=\/wp\/v2\/media\/113174"}],"wp:attachment":[{"href":"https:\/\/realitatearutiera.ro\/index.php?rest_route=%2Fwp%2Fv2%2Fmedia&parent=122448"}],"wp:term":[{"taxonomy":"category","embeddable":true,"href":"https:\/\/realitatearutiera.ro\/index.php?rest_route=%2Fwp%2Fv2%2Fcategories&post=122448"},{"taxonomy":"post_tag","embeddable":true,"href":"https:\/\/realitatearutiera.ro\/index.php?rest_route=%2Fwp%2Fv2%2Ftags&post=122448"}],"curies":[{"name":"wp","href":"https:\/\/api.w.org\/{rel}","templated":true}]}}