{"id":122497,"date":"2025-03-20T09:18:51","date_gmt":"2025-03-20T07:18:51","guid":{"rendered":"https:\/\/realitatearutiera.ro\/?p=122497"},"modified":"2025-03-20T09:18:53","modified_gmt":"2025-03-20T07:18:53","slug":"eveniment-rutier-in-localitatea-petru-voda","status":"publish","type":"post","link":"https:\/\/realitatearutiera.ro\/?p=122497","title":{"rendered":"Eveniment rutier \u00een localitatea Petru Vod\u0103"},"content":{"rendered":"\n<p>Poli\u021bi\u0219tii din cadrul Poli\u021biei ora\u0219ului Bicaz au fost sesiza\u021bi, pe data de 19 martie 2025, \u00een jurul orei 08:30, cu privire la producerea unui eveniment rutier, \u00een localitatea Petru Vod\u0103, comuna Poiana Teiului.<\/p>\n\n\n\n<figure class=\"wp-block-image size-large is-resized\"><img loading=\"lazy\" decoding=\"async\" width=\"771\" height=\"1024\" data-attachment-id=\"122499\" data-permalink=\"https:\/\/realitatearutiera.ro\/?attachment_id=122499\" data-orig-file=\"https:\/\/i2.wp.com\/realitatearutiera.ro\/wp-content\/uploads\/2025\/03\/image-47.png?fit=1204%2C1600&amp;ssl=1\" data-orig-size=\"1204,1600\" data-comments-opened=\"1\" data-image-meta=\"{&quot;aperture&quot;:&quot;0&quot;,&quot;credit&quot;:&quot;&quot;,&quot;camera&quot;:&quot;&quot;,&quot;caption&quot;:&quot;&quot;,&quot;created_timestamp&quot;:&quot;0&quot;,&quot;copyright&quot;:&quot;&quot;,&quot;focal_length&quot;:&quot;0&quot;,&quot;iso&quot;:&quot;0&quot;,&quot;shutter_speed&quot;:&quot;0&quot;,&quot;title&quot;:&quot;&quot;,&quot;orientation&quot;:&quot;0&quot;}\" data-image-title=\"image\" data-image-description=\"\" data-medium-file=\"https:\/\/i2.wp.com\/realitatearutiera.ro\/wp-content\/uploads\/2025\/03\/image-47.png?fit=226%2C300&amp;ssl=1\" data-large-file=\"https:\/\/i2.wp.com\/realitatearutiera.ro\/wp-content\/uploads\/2025\/03\/image-47.png?fit=771%2C1024&amp;ssl=1\" src=\"https:\/\/i1.wp.com\/realitatearutiera.ro\/wp-content\/uploads\/2025\/03\/image-47-771x1024.png?resize=771%2C1024&#038;ssl=1\" alt=\"\" class=\"wp-image-122499\" style=\"width:442px;height:auto\" srcset=\"https:\/\/i2.wp.com\/realitatearutiera.ro\/wp-content\/uploads\/2025\/03\/image-47.png?resize=771%2C1024&amp;ssl=1 771w, https:\/\/i2.wp.com\/realitatearutiera.ro\/wp-content\/uploads\/2025\/03\/image-47.png?resize=226%2C300&amp;ssl=1 226w, https:\/\/i2.wp.com\/realitatearutiera.ro\/wp-content\/uploads\/2025\/03\/image-47.png?resize=768%2C1021&amp;ssl=1 768w, https:\/\/i2.wp.com\/realitatearutiera.ro\/wp-content\/uploads\/2025\/03\/image-47.png?resize=1156%2C1536&amp;ssl=1 1156w, https:\/\/i2.wp.com\/realitatearutiera.ro\/wp-content\/uploads\/2025\/03\/image-47.png?w=1204&amp;ssl=1 1204w\" sizes=\"auto, (max-width: 771px) 100vw, 771px\" data-recalc-dims=\"1\" \/><\/figure>\n\n\n\n<p>\u00cen urma verific\u0103rilor efectuate s-a stabilit faptul c\u0103, \u00een timp ce un b\u0103rbat, \u00een v\u00e2rst\u0103 de 37 de ani, din Petru Vod\u0103, conducea un autoturism pe DN 15B, ar fi pierdut controlul asupra direc\u021biei de deplasare, intr\u00e2nd \u00een coliziune cu un cap de pode\u021b.<\/p>\n\n\n\n<p>\u00cen urma evenimentului rutier a rezultat v\u0103t\u0103marea corporal\u0103 a unui pasager, \u00een v\u00e2rst\u0103 de 24 de ani. Conduc\u0103torul auto a fost testat alcoolscopic, rezultatul fiind negativ. \u00cen cauz\u0103, poli\u021bi\u0219tii continu\u0103 cercet\u0103rile sub aspectul s\u0103v\u00e2r\u0219irii infrac\u021biunii de v\u0103t\u0103mare corporal\u0103 din culp\u0103.<\/p>\n\n\n\n<p>Un incident similar a avut loc cu o zi \u00een urm\u0103, \u00een jurul orei 08:00, c\u00e2nd cadrele de la Biroului Rutier &nbsp;Piatra-Neam\u021b au fost solicitate s\u0103 fac\u0103 cercet\u0103ri \u00een cazul unui accident rutier, \u00een comuna C\u00e2nde\u0219ti, care s-a soldat cu o persoan\u0103 r\u0103nit\u0103.<\/p>\n\n\n\n<p>La volanul unui autoturism se afla un nem\u021bean \u00een v\u00e2rst\u0103 de 71 de ani, din aceea\u0219i localitate, iar la un moment dat, pe DJ 159C a intrat \u00eentr-un cap de pod. \u0218oferul a fost transportat la o unitate medical\u0103. Poli\u021bi\u0219tii l-au testat alcoolscopic, rezultatul fiind negativ.<\/p>\n\n\n\n<p>Sursa:monitorulneamt<\/p>\n","protected":false},"excerpt":{"rendered":"<p>Poli\u021bi\u0219tii din cadrul Poli\u021biei ora\u0219ului Bicaz au fost sesiza\u021bi, pe data de 19 martie 2025, \u00een jurul orei 08:30, cu<\/p>\n","protected":false},"author":1,"featured_media":98109,"comment_status":"open","ping_status":"closed","sticky":false,"template":"","format":"standard","meta":{"spay_email":"","footnotes":"","jetpack_publicize_message":""},"categories":[1],"tags":[],"class_list":["post-122497","post","type-post","status-publish","format-standard","has-post-thumbnail","hentry","category-uncategorized"],"jetpack_featured_media_url":"https:\/\/realitatearutiera.ro\/wp-content\/uploads\/2023\/04\/accident.webp","jetpack_publicize_connections":[],"jetpack_sharing_enabled":true,"jetpack_shortlink":"https:\/\/wp.me\/p61naM-vRL","jetpack-related-posts":[],"_links":{"self":[{"href":"https:\/\/realitatearutiera.ro\/index.php?rest_route=\/wp\/v2\/posts\/122497","targetHints":{"allow":["GET"]}}],"collection":[{"href":"https:\/\/realitatearutiera.ro\/index.php?rest_route=\/wp\/v2\/posts"}],"about":[{"href":"https:\/\/realitatearutiera.ro\/index.php?rest_route=\/wp\/v2\/types\/post"}],"author":[{"embeddable":true,"href":"https:\/\/realitatearutiera.ro\/index.php?rest_route=\/wp\/v2\/users\/1"}],"replies":[{"embeddable":true,"href":"https:\/\/realitatearutiera.ro\/index.php?rest_route=%2Fwp%2Fv2%2Fcomments&post=122497"}],"version-history":[{"count":1,"href":"https:\/\/realitatearutiera.ro\/index.php?rest_route=\/wp\/v2\/posts\/122497\/revisions"}],"predecessor-version":[{"id":122500,"href":"https:\/\/realitatearutiera.ro\/index.php?rest_route=\/wp\/v2\/posts\/122497\/revisions\/122500"}],"wp:featuredmedia":[{"embeddable":true,"href":"https:\/\/realitatearutiera.ro\/index.php?rest_route=\/wp\/v2\/media\/98109"}],"wp:attachment":[{"href":"https:\/\/realitatearutiera.ro\/index.php?rest_route=%2Fwp%2Fv2%2Fmedia&parent=122497"}],"wp:term":[{"taxonomy":"category","embeddable":true,"href":"https:\/\/realitatearutiera.ro\/index.php?rest_route=%2Fwp%2Fv2%2Fcategories&post=122497"},{"taxonomy":"post_tag","embeddable":true,"href":"https:\/\/realitatearutiera.ro\/index.php?rest_route=%2Fwp%2Fv2%2Ftags&post=122497"}],"curies":[{"name":"wp","href":"https:\/\/api.w.org\/{rel}","templated":true}]}}