{"id":12284,"date":"2016-09-01T12:21:04","date_gmt":"2016-09-01T09:21:04","guid":{"rendered":"http:\/\/realitatearutiera.ro\/?p=12284"},"modified":"2016-09-01T12:21:04","modified_gmt":"2016-09-01T09:21:04","slug":"accident-cumplit-in-judetul-tulcea","status":"publish","type":"post","link":"https:\/\/realitatearutiera.ro\/?p=12284","title":{"rendered":"Accident CUMPLIT \u00een jude\u021bul Tulcea"},"content":{"rendered":"<p>Joi, 31 august, \u00een jurul orei 20.00, \u00eentre localit\u0103\u0163ile Cerna \u015fi Mircea Vod\u0103 a avut loc un accident de circula\u0163ie \u00een care a fost implicat consilierul jude\u0163ean Constantin Cabaua se afla \u00een autoturism.\u00a0 \u00a0 Reprezentan\u0163ii Serviciului de Ambulan\u0163\u0103 au \u00eencercat s\u0103-l readuc\u0103 la via\u0163\u0103, dar f\u0103r\u0103 folos. Se pare c\u0103 \u015foferul autoturismului a \u00eencercat s\u0103 dep\u0103\u015feasc\u0103 TIR-ul, dar a pierdut controlul autoturismului \u015fi s-a izbit de un copac de pe marginea drumului.<\/p>\n<p>sursa: adevarul.ro<\/p>\n","protected":false},"excerpt":{"rendered":"<p>Joi, 31 august, \u00een jurul orei 20.00, \u00eentre localit\u0103\u0163ile Cerna \u015fi Mircea Vod\u0103 a avut loc un accident de circula\u0163ie<\/p>\n","protected":false},"author":1,"featured_media":12075,"comment_status":"closed","ping_status":"closed","sticky":false,"template":"","format":"standard","meta":{"spay_email":"","footnotes":"","jetpack_publicize_message":""},"categories":[1],"tags":[],"class_list":["post-12284","post","type-post","status-publish","format-standard","has-post-thumbnail","hentry","category-uncategorized"],"jetpack_featured_media_url":"https:\/\/i0.wp.com\/realitatearutiera.ro\/wp-content\/uploads\/2016\/08\/smurd-1.jpg?fit=236%2C118&ssl=1","jetpack_publicize_connections":[],"jetpack_sharing_enabled":true,"jetpack_shortlink":"https:\/\/wp.me\/p61naM-3c8","jetpack-related-posts":[],"_links":{"self":[{"href":"https:\/\/realitatearutiera.ro\/index.php?rest_route=\/wp\/v2\/posts\/12284","targetHints":{"allow":["GET"]}}],"collection":[{"href":"https:\/\/realitatearutiera.ro\/index.php?rest_route=\/wp\/v2\/posts"}],"about":[{"href":"https:\/\/realitatearutiera.ro\/index.php?rest_route=\/wp\/v2\/types\/post"}],"author":[{"embeddable":true,"href":"https:\/\/realitatearutiera.ro\/index.php?rest_route=\/wp\/v2\/users\/1"}],"replies":[{"embeddable":true,"href":"https:\/\/realitatearutiera.ro\/index.php?rest_route=%2Fwp%2Fv2%2Fcomments&post=12284"}],"version-history":[{"count":1,"href":"https:\/\/realitatearutiera.ro\/index.php?rest_route=\/wp\/v2\/posts\/12284\/revisions"}],"predecessor-version":[{"id":12285,"href":"https:\/\/realitatearutiera.ro\/index.php?rest_route=\/wp\/v2\/posts\/12284\/revisions\/12285"}],"wp:featuredmedia":[{"embeddable":true,"href":"https:\/\/realitatearutiera.ro\/index.php?rest_route=\/wp\/v2\/media\/12075"}],"wp:attachment":[{"href":"https:\/\/realitatearutiera.ro\/index.php?rest_route=%2Fwp%2Fv2%2Fmedia&parent=12284"}],"wp:term":[{"taxonomy":"category","embeddable":true,"href":"https:\/\/realitatearutiera.ro\/index.php?rest_route=%2Fwp%2Fv2%2Fcategories&post=12284"},{"taxonomy":"post_tag","embeddable":true,"href":"https:\/\/realitatearutiera.ro\/index.php?rest_route=%2Fwp%2Fv2%2Ftags&post=12284"}],"curies":[{"name":"wp","href":"https:\/\/api.w.org\/{rel}","templated":true}]}}