{"id":123113,"date":"2025-04-07T08:24:02","date_gmt":"2025-04-07T05:24:02","guid":{"rendered":"https:\/\/realitatearutiera.ro\/?p=123113"},"modified":"2025-04-07T08:24:04","modified_gmt":"2025-04-07T05:24:04","slug":"vremeatemperaturile-au-scazut-si-la-18-grade","status":"publish","type":"post","link":"https:\/\/realitatearutiera.ro\/?p=123113","title":{"rendered":"Vremea:Temperaturile au sc\u0103zut \u0219i la -18 grade"},"content":{"rendered":"\n<p>Episoadele de iarn\u0103 t\u00e2rzie au continuat duminic\u0103 sear\u0103 \u00een mai multe zone din \u021bar\u0103. \u00cen loc de verdea\u021b\u0103, la munte vedem zilele acestea o mare de alb.<\/p>\n\n\n\n<p>Stratul de z\u0103pad\u0103 a ajuns s\u0103 aib\u0103 \u0219i 10 centimetri, iar drumarii au ie\u0219it pentru a doua noapte la r\u00e2nd pe mai multe \u0219osele. \u00cen aceste condi\u021bii, \u0219oferii sunt sf\u0103tui\u021bi s\u0103 circule prudent.<\/p>\n\n\n\n<p>Unde nu a nins la fel de puternic, temperaturile sc\u0103zute au f\u0103cut probleme \u00een gr\u0103dinile care acum c\u00e2teva zile erau \u00een floare.<\/p>\n\n\n\n<p>Iar v\u00e2ntul puternic a dobor\u00e2t copaci \u0219i a blocat traficul pe c\u00e2teva drumuri na\u021bionale.<\/p>\n\n\n\n<p>Drumarii au intervenit la foc continuu pe DN7A, \u00eentre Voineasa \u0219i Ob\u00e2r\u0219ia Lotrului, unde a nins viscolit. Pe \u0219osea s-a a\u0219ternut un strat de c\u00e2\u021biva centimetri de z\u0103pad\u0103, iar v\u00e2ntul a suflat cu putere.<\/p>\n\n\n\n<p>A nins \u0219i \u00een jude\u021bul Arge\u0219, pe mai multe por\u021biuni de drum. La munte, mercurul din termometre a indicat \u0219i -18 grade Celsius, iar stratul de z\u0103pad\u0103 a ajuns p\u00e2n\u0103 la 10 centimetri.<\/p>\n\n\n\n<p>Fiindc\u0103 au trecut deja la cauciucurile de var\u0103, \u0219oferii au fost sf\u0103tui\u021bi s\u0103 circule prudent \u0219i s\u0103-\u0219i echipeze din nou ma\u0219inile dac\u0103 ajung pe drumurile afectate de ninsori.<\/p>\n\n\n\n<p><strong>Marius Rizea, purt\u0103torul de cuv\u00e2nt al IPJ Arge\u0219:<\/strong>&nbsp;<em>\u201eAdapta\u021bi viteza la condi\u021biile de drum, p\u0103stra\u021bi distan\u021ba \u00eentre vehicule \u0219i asigura\u021bi-v\u0103 c\u0103 ma\u0219ina este echipat\u0103 corespunz\u0103tor.\u201d<\/em><\/p>\n\n\n\n<p>\u00cen Timi\u0219, un episod de 30 de minute de ninsoare anun\u021ba asear\u0103 pagube mari \u00een livezi.<\/p>\n\n\n\n<p>Pe de alt\u0103 parte, \u00een jude\u021bele Ia\u0219i \u0219i Suceava, mai multe ma\u0219ini au fost prinse sub copacii dobor\u00e2\u021bi de v\u00e2ntul puternic. Traficul pe mai multe drumuri na\u021bionale a fost blocat de arborii c\u0103zu\u021bi pe \u0219osea.<\/p>\n\n\n\n<p>V\u00e2ntul a f\u0103cut probleme \u0219i \u00een zona Bicaz. Pe l\u00e2ng\u0103 copacii c\u0103zu\u021bi, alimentarea cu energie electric\u0103 a fost \u00eentrerupt\u0103 \u00een c\u00e2teva sate.<\/p>\n\n\n\n<p>Sus, la V\u00e2rful Omu, viscolul a mu\u0219cat puternic.<\/p>\n\n\n\n<p><strong>Sergiu Oltean:<\/strong>&nbsp;<em>\u201eLa v\u00e2ntul acesta \u0219i la temperaturi de -14 grade, temperatura resim\u021bit\u0103 poate fi chiar de -30, -35 de grade.\u201d<\/em><\/p>\n\n\n\n<p>La Tu\u0219nad, vremea i-a luat prin surprindere pe turi\u0219ti.<\/p>\n\n\n\n<p><strong>Reporter:<\/strong><em><strong>&nbsp;<\/strong>\u201eAi \u00eenc\u0103l\u0163\u0103minte de schimb?\u201d<\/em><br><strong>T\u00e2n\u0103r:<\/strong><em>&nbsp;\u201eDa, am!\u201d<\/em><br><strong>Reporter:<\/strong>&nbsp;<em>\u201eSi de ce n-ai pus-o \u00een picioare?\u201d<\/em><br><strong>T\u00e2n\u0103r:<\/strong>&nbsp;<em>\u201eNu m-am a\u0219teptat!\u201d<\/em><\/p>\n\n\n\n<p>De altfel, \u00een foarte multe localit\u0103\u021bi din \u021bar\u0103 temperaturile au sc\u0103zut brusc \u0219i cu 20 de grade, iar Rom\u00e2nia s-a trezit de la o prim\u0103var\u0103 pl\u0103cut\u0103 la o iarn\u0103 neprietenoas\u0103.<\/p>\n\n\n\n<p><strong>Mihai Hu\u0219tiu, meteorolog ANM:<\/strong><em>&nbsp;\u201eUn interval cu o vreme deosebit de rece, temperaturi extrem de cobor\u00e2te pentru luna aprilie, un eveniment de iarn\u0103 ce vine destul de t\u00e2rziu.&#8221;<\/em><\/p>\n\n\n\n<p>Schimbarea brusc\u0103 a vremii se datoreaz\u0103 unei mase de aer arctic care a cobor\u00e2t rapid din zona polului nord.<\/p>\n\n\n\n<p>\u00cen doar 24 de ore, a traversat Oceanul Arctic, Peninsula Scandinav\u0103 \u0219i s-a oprit deasupra Rom\u00e2niei, iar p\u00e2n\u0103 joi, spun meteorologii, \u00een \u021bara noastr\u0103 persist\u0103 frigul. Iar temperaturile ar putea ajunge pe timpul nop\u021bii chiar \u015fi la minus 10 grade.<\/p>\n\n\n\n<p>\u0218i \u00een Capital\u0103 va fi frig \u00een continuare \u0219i la \u00eenceputul s\u0103pt\u0103m\u00e2nii ar putea s\u0103 ning\u0103 sau s\u0103 cad\u0103 lapovi\u021ba \u0219i, de ce nu, s\u0103 se depun\u0103 \u0219i un strat sub\u021bire de z\u0103pad\u0103.<\/p>\n\n\n\n<p>Sursa:stirileprotv<\/p>\n","protected":false},"excerpt":{"rendered":"<p>Episoadele de iarn\u0103 t\u00e2rzie au continuat duminic\u0103 sear\u0103 \u00een mai multe zone din \u021bar\u0103. \u00cen loc de verdea\u021b\u0103, la munte<\/p>\n","protected":false},"author":1,"featured_media":81999,"comment_status":"open","ping_status":"closed","sticky":false,"template":"","format":"standard","meta":{"spay_email":"","footnotes":"","jetpack_publicize_message":""},"categories":[6],"tags":[],"class_list":["post-123113","post","type-post","status-publish","format-standard","has-post-thumbnail","hentry","category-social"],"jetpack_featured_media_url":"https:\/\/i1.wp.com\/realitatearutiera.ro\/wp-content\/uploads\/2022\/01\/Prognoza-meteo-ANM-de-weekend.jpg?fit=300%2C168&ssl=1","jetpack_publicize_connections":[],"jetpack_sharing_enabled":true,"jetpack_shortlink":"https:\/\/wp.me\/p61naM-w1H","jetpack-related-posts":[],"_links":{"self":[{"href":"https:\/\/realitatearutiera.ro\/index.php?rest_route=\/wp\/v2\/posts\/123113","targetHints":{"allow":["GET"]}}],"collection":[{"href":"https:\/\/realitatearutiera.ro\/index.php?rest_route=\/wp\/v2\/posts"}],"about":[{"href":"https:\/\/realitatearutiera.ro\/index.php?rest_route=\/wp\/v2\/types\/post"}],"author":[{"embeddable":true,"href":"https:\/\/realitatearutiera.ro\/index.php?rest_route=\/wp\/v2\/users\/1"}],"replies":[{"embeddable":true,"href":"https:\/\/realitatearutiera.ro\/index.php?rest_route=%2Fwp%2Fv2%2Fcomments&post=123113"}],"version-history":[{"count":1,"href":"https:\/\/realitatearutiera.ro\/index.php?rest_route=\/wp\/v2\/posts\/123113\/revisions"}],"predecessor-version":[{"id":123114,"href":"https:\/\/realitatearutiera.ro\/index.php?rest_route=\/wp\/v2\/posts\/123113\/revisions\/123114"}],"wp:featuredmedia":[{"embeddable":true,"href":"https:\/\/realitatearutiera.ro\/index.php?rest_route=\/wp\/v2\/media\/81999"}],"wp:attachment":[{"href":"https:\/\/realitatearutiera.ro\/index.php?rest_route=%2Fwp%2Fv2%2Fmedia&parent=123113"}],"wp:term":[{"taxonomy":"category","embeddable":true,"href":"https:\/\/realitatearutiera.ro\/index.php?rest_route=%2Fwp%2Fv2%2Fcategories&post=123113"},{"taxonomy":"post_tag","embeddable":true,"href":"https:\/\/realitatearutiera.ro\/index.php?rest_route=%2Fwp%2Fv2%2Ftags&post=123113"}],"curies":[{"name":"wp","href":"https:\/\/api.w.org\/{rel}","templated":true}]}}