{"id":123761,"date":"2025-04-24T11:22:46","date_gmt":"2025-04-24T08:22:46","guid":{"rendered":"https:\/\/realitatearutiera.ro\/?p=123761"},"modified":"2025-04-24T11:22:49","modified_gmt":"2025-04-24T08:22:49","slug":"accident-intre-suceava-si-cumparatura-doua-femei-ranite-au-ajuns-la-spital","status":"publish","type":"post","link":"https:\/\/realitatearutiera.ro\/?p=123761","title":{"rendered":"Accident \u00eentre Suceava \u0219i Cump\u0103r\u0103tura. Dou\u0103 femei r\u0103nite au ajuns la spital"},"content":{"rendered":"\n<p>Dou\u0103 femei au ajuns la spital, mar\u021bi dup\u0103-amiaz\u0103, \u00een urma accidentului rutier care a avut loc \u00eentre Suceava \u0219i Cump\u0103r\u0103tura, pe E 85. Dou\u0103 ma\u0219ini au intrat \u00een coliziune dup\u0103 ce unul dintre \u0219oferi a p\u0103truns pe E 85, pentru a efectua o manevr\u0103, f\u0103r\u0103 a se asigura.<\/p>\n\n\n\n<p>Din cercet\u0103rile poli\u021bi\u0219tilor rezult\u0103 c\u0103, pe 22 aprilie, \u00een jurul orei 17.30, un b\u0103rbat la volanul unui VW, care era sta\u021bionat \u00een parcarea aferent\u0103 E 85, \u00een dreptul NICO PROFI SRL, \u00een momentul \u00een care s-a pus \u00een mi\u0219care pe E 85, spre municipiul Suceava, nu a acordat prioritate de trecere autoturismului marca Peugeot, care era condus regulamentar dinspre municipiul Suceava c\u0103tre Cump\u0103r\u0103tura.<\/p>\n\n\n\n<p>\u00cen urma impactului dintre cele dou\u0103 ma\u0219ini, echipajele medicale ajunse la fa\u021ba locului au preluat dou\u0103 femei care acuzau leziuni.<\/p>\n\n\n\n<p>Una dintre ele era pasager\u0103 pe locul dreapta fa\u021b\u0103 din ma\u0219ina care avea prioritate, iar cealalt\u0103 era pasager\u0103 pe locul dreapta fa\u021b\u0103 \u00een VW.<\/p>\n\n\n\n<p>Prima a fost diagnosticat\u0103, la Spitalul Jude\u021bean, cu contuzii la bra\u021be \u0219i contuzie clavicular\u0103, iar a doua cu traumatism cranian f\u0103r\u0103 pierdere de cuno\u0219tin\u021b\u0103, respectiv contuzie coloan\u0103 cervical\u0103.<\/p>\n\n\n\n<p>Ambele erau \u00een curs de investiga\u021bii, cu diagnostic preliminar de leziuni u\u0219oare.&nbsp;&nbsp;<\/p>\n\n\n\n<p>Ambii \u0219oferi au fost verifica\u021bi cu etilotestul \u0219i a rezultat c\u0103 nu erau b\u0103u\u021bi.<\/p>\n\n\n\n<p>Sursa:monitorulsv<\/p>\n","protected":false},"excerpt":{"rendered":"<p>Dou\u0103 femei au ajuns la spital, mar\u021bi dup\u0103-amiaz\u0103, \u00een urma accidentului rutier care a avut loc \u00eentre Suceava \u0219i Cump\u0103r\u0103tura,<\/p>\n","protected":false},"author":1,"featured_media":0,"comment_status":"open","ping_status":"closed","sticky":false,"template":"","format":"standard","meta":{"spay_email":"","footnotes":"","jetpack_publicize_message":""},"categories":[1],"tags":[],"class_list":["post-123761","post","type-post","status-publish","format-standard","hentry","category-uncategorized"],"jetpack_featured_media_url":"","jetpack_publicize_connections":[],"jetpack_sharing_enabled":true,"jetpack_shortlink":"https:\/\/wp.me\/p61naM-wc9","jetpack-related-posts":[],"_links":{"self":[{"href":"https:\/\/realitatearutiera.ro\/index.php?rest_route=\/wp\/v2\/posts\/123761","targetHints":{"allow":["GET"]}}],"collection":[{"href":"https:\/\/realitatearutiera.ro\/index.php?rest_route=\/wp\/v2\/posts"}],"about":[{"href":"https:\/\/realitatearutiera.ro\/index.php?rest_route=\/wp\/v2\/types\/post"}],"author":[{"embeddable":true,"href":"https:\/\/realitatearutiera.ro\/index.php?rest_route=\/wp\/v2\/users\/1"}],"replies":[{"embeddable":true,"href":"https:\/\/realitatearutiera.ro\/index.php?rest_route=%2Fwp%2Fv2%2Fcomments&post=123761"}],"version-history":[{"count":1,"href":"https:\/\/realitatearutiera.ro\/index.php?rest_route=\/wp\/v2\/posts\/123761\/revisions"}],"predecessor-version":[{"id":123762,"href":"https:\/\/realitatearutiera.ro\/index.php?rest_route=\/wp\/v2\/posts\/123761\/revisions\/123762"}],"wp:attachment":[{"href":"https:\/\/realitatearutiera.ro\/index.php?rest_route=%2Fwp%2Fv2%2Fmedia&parent=123761"}],"wp:term":[{"taxonomy":"category","embeddable":true,"href":"https:\/\/realitatearutiera.ro\/index.php?rest_route=%2Fwp%2Fv2%2Fcategories&post=123761"},{"taxonomy":"post_tag","embeddable":true,"href":"https:\/\/realitatearutiera.ro\/index.php?rest_route=%2Fwp%2Fv2%2Ftags&post=123761"}],"curies":[{"name":"wp","href":"https:\/\/api.w.org\/{rel}","templated":true}]}}