{"id":123765,"date":"2025-04-24T11:40:45","date_gmt":"2025-04-24T08:40:45","guid":{"rendered":"https:\/\/realitatearutiera.ro\/?p=123765"},"modified":"2025-04-24T11:40:48","modified_gmt":"2025-04-24T08:40:48","slug":"taxe-de-parcare-duble-in-sectorul-4","status":"publish","type":"post","link":"https:\/\/realitatearutiera.ro\/?p=123765","title":{"rendered":"Taxe de parcare duble \u00een Sectorul 4"},"content":{"rendered":"\n<p>Prim\u0103ria Sectorului 4 din Bucure\u0219ti a anun\u021bat majorarea tarifelor de parcare, aplicate pe or\u0103 locurilor administrate de prim\u0103ria de sector.<\/p>\n\n\n\n<p>Prim\u0103ria Sectorului 4 din Bucure\u0219ti a majorat tarifele aplicate per or\u0103, pentru locurile pe care le are sub administra\u021bie. Noile tarife pentru parcare au intrat \u00een vigoare \u00eencep\u00e2nd cu data de 23 aprilie 2025.<\/p>\n\n\n\n<p>\u00centr-o postare pe pagina&nbsp;<a href=\"https:\/\/www.facebook.com\/MobilitateUrbanaSector4\/posts\/pfbid0LAYXpDUQr16HsS3oXkwescAuB9LBRAL8hjCVwWhbRHAQ7SAcanGCXWV6xUsR8qkzl\" target=\"_blank\" rel=\"noreferrer noopener\">Mobilitate Urban\u0103 Sector 4<\/a>&nbsp;ni s-a transmis c\u0103 tarifele de parcare au fost ajustate lu\u00e2nd \u00een calcul gradul de infla\u021bie \u0219i c\u0103 au intrat deja \u00een aplicare, \u00eencep\u00e2nd cu ziua de miercuri, 23.04.2025.<\/p>\n\n\n\n<p>\u201e\u00cen contextul adapt\u0103rii tarifelor cu indicele de infla\u021bie, dar \u0219i \u00een conformitate cu modificarea \u0219i completarea HCL a Sectorului 4 nr. 205\/30.12.2021, adoptat\u0103 \u00een \u0219edin\u021ba din 27.02.2025, de ast\u0103zi, 23.04.2025, tarifele pentru locurile de parcare se modific\u0103\u201d, a transmis Prim\u0103ria Sectorului 4.<\/p>\n\n\n\n<p><strong>Locurile de parcare publice stradale:<\/strong><\/p>\n\n\n\n<p>\u2013 zona verde \u2013 1 RON\/ or\u0103;<\/p>\n\n\n\n<p>\u2013 zona galben\u0103 \u2013 4 RON \/ or\u0103.<\/p>\n\n\n\n<p><strong>Locuri de parcare publice cu barier\u0103:<\/strong><\/p>\n\n\n\n<p>Piscului \u2013 1RON \/ or\u0103;<\/p>\n\n\n\n<p>Olteni\u021bei \u2013 1 RON \/ or\u0103;<\/p>\n\n\n\n<p>Pridvorului 1 RON \/ or\u0103;<\/p>\n\n\n\n<p>Ni\u021bu Vasile \u2013 1RON \/ or\u0103;<\/p>\n\n\n\n<p>Bucov\u0103\u021b \u2013 1 RON \/ or\u0103;<\/p>\n\n\n\n<p>Parc Tudor Arghezi \u2013 4 RON \/ or\u0103;<\/p>\n\n\n\n<p>Pia\u021ba Norilor \u2013 4 RON \/ or\u0103;<\/p>\n\n\n\n<p>Pia\u021ba Progresul \u2013 4 RON \/ or\u0103;<\/p>\n\n\n\n<p>Tulnici \u2013 4 RON \/ or\u0103.<\/p>\n\n\n\n<p><strong>Locuri de parcare de tip Park&amp;Ride:<\/strong><\/p>\n\n\n\n<p>Timpuri Noi;<\/p>\n\n\n\n<p>IMGB 1-5;<\/p>\n\n\n\n<p>IMGB 6-8.<\/p>\n\n\n\n<p>Metrou Tudor Arghezi:<\/p>\n\n\n\n<p>Tarif \u00eentre orele 23:00 \u2013 5:00 \u2013 5 RON \/ or\u0103;<\/p>\n\n\n\n<p>Tarif \u00eentre orele 05:00 \u2013 23:00 \u2013 5 RON \/ interval.<\/p>\n\n\n\n<h2 class=\"wp-block-heading\">Taxa de parcare \u00een valoare de 540 de lei nu dispare<\/h2>\n\n\n\n<p>\u201eDe precizat c\u0103 to\u021bi pl\u0103titorii taxei speciale pentru dezvoltare urban\u0103, \u00een valoare de 540 de lei, pot parca oriunde \u00een locurile de&nbsp;<a href=\"https:\/\/www.promotor.ro\/masini-noi\/eco\/tehnologia-parcare-laterala-denza-z9-gt-e-uimitoare-producatorii-de-anvelope-vor-fi-incantati-de-aceasta-caracteristica-video-19378956\">parcare<\/a>&nbsp;publica de culoare verde, f\u0103r\u0103 a mai face vreo plat\u0103, fiind suficient\u0103 afi\u0219area vignetei, la loc vizibil\u201d, se mai arat\u0103 \u00een postarea f\u0103cut\u0103 pe Facebook.<\/p>\n\n\n\n<p>Aceast\u0103 tax\u0103 introdus\u0103 anul trecut a fost aspru criticat\u0103 \u00een spa\u021biul public. Taxa lansat\u0103 de Prim\u0103ria Sectorului 4 presupune ca orice domiciliat \u00een Sectorul 4, care de\u021bine un automobil, \u00eens\u0103 nu are un loc de parcare de re\u0219edin\u021b\u0103, s\u0103 pl\u0103teasc\u0103 anual o tax\u0103 de parcare&nbsp;<a href=\"https:\/\/www.promotor.ro\/stiri-auto\/este-oficial-posesorii-de-masini-fara-loc-de-parcare-vor-plati-o-suprataxa-de-540-de-lei-19347148\">\u00een valoare de 540 de lei<\/a>.<\/p>\n\n\n\n<p>\u201ePosesorii de autoturisme \u00eenmatriculate \u00een Sectorul 4, care nu de\u021bin \u00een momentul de fa\u021b\u0103 un loc de parcare, ar putea avea posibilitatea acces\u0103rii parcajelor publice ori a spa\u021biilor similare acestora, \u00een care sta\u021bionarea vehiculelor nu este restric\u021bionat\u0103. Pentru aceast\u0103 facilitate, de\u021bin\u0103torii ma\u0219inilor vor putea achita o tax\u0103 anual\u0103 redus\u0103 la 540 de lei, fa\u021b\u0103 de 720 de lei, c\u00e2t pl\u0103teau p\u00e2n\u0103 acum \u00een fiecare an, \u00een baza abonamentelor lunare \u00een valoare de 60 de lei\u201d, se arat\u0103 \u00eentr-un comunicat publicat de Prim\u0103ria Sectorului 4 \u00een luna decembrie a anului trecut.<\/p>\n\n\n\n<p>Sursa\/foto:promotor<\/p>\n\n\n\n<p><\/p>\n","protected":false},"excerpt":{"rendered":"<p>Prim\u0103ria Sectorului 4 din Bucure\u0219ti a anun\u021bat majorarea tarifelor de parcare, aplicate pe or\u0103 locurilor administrate de prim\u0103ria de sector.<\/p>\n","protected":false},"author":1,"featured_media":123766,"comment_status":"open","ping_status":"closed","sticky":false,"template":"","format":"standard","meta":{"spay_email":"","footnotes":"","jetpack_publicize_message":""},"categories":[6],"tags":[],"class_list":["post-123765","post","type-post","status-publish","format-standard","has-post-thumbnail","hentry","category-social"],"jetpack_featured_media_url":"https:\/\/realitatearutiera.ro\/wp-content\/uploads\/2025\/04\/https___www.promotor.ro_wp-content_uploads_2023_10_29ilustratie-promotor-2023.webp","jetpack_publicize_connections":[],"jetpack_sharing_enabled":true,"jetpack_shortlink":"https:\/\/wp.me\/p61naM-wcd","jetpack-related-posts":[],"_links":{"self":[{"href":"https:\/\/realitatearutiera.ro\/index.php?rest_route=\/wp\/v2\/posts\/123765","targetHints":{"allow":["GET"]}}],"collection":[{"href":"https:\/\/realitatearutiera.ro\/index.php?rest_route=\/wp\/v2\/posts"}],"about":[{"href":"https:\/\/realitatearutiera.ro\/index.php?rest_route=\/wp\/v2\/types\/post"}],"author":[{"embeddable":true,"href":"https:\/\/realitatearutiera.ro\/index.php?rest_route=\/wp\/v2\/users\/1"}],"replies":[{"embeddable":true,"href":"https:\/\/realitatearutiera.ro\/index.php?rest_route=%2Fwp%2Fv2%2Fcomments&post=123765"}],"version-history":[{"count":1,"href":"https:\/\/realitatearutiera.ro\/index.php?rest_route=\/wp\/v2\/posts\/123765\/revisions"}],"predecessor-version":[{"id":123767,"href":"https:\/\/realitatearutiera.ro\/index.php?rest_route=\/wp\/v2\/posts\/123765\/revisions\/123767"}],"wp:featuredmedia":[{"embeddable":true,"href":"https:\/\/realitatearutiera.ro\/index.php?rest_route=\/wp\/v2\/media\/123766"}],"wp:attachment":[{"href":"https:\/\/realitatearutiera.ro\/index.php?rest_route=%2Fwp%2Fv2%2Fmedia&parent=123765"}],"wp:term":[{"taxonomy":"category","embeddable":true,"href":"https:\/\/realitatearutiera.ro\/index.php?rest_route=%2Fwp%2Fv2%2Fcategories&post=123765"},{"taxonomy":"post_tag","embeddable":true,"href":"https:\/\/realitatearutiera.ro\/index.php?rest_route=%2Fwp%2Fv2%2Ftags&post=123765"}],"curies":[{"name":"wp","href":"https:\/\/api.w.org\/{rel}","templated":true}]}}