{"id":124122,"date":"2025-05-07T09:48:15","date_gmt":"2025-05-07T06:48:15","guid":{"rendered":"https:\/\/realitatearutiera.ro\/?p=124122"},"modified":"2025-05-07T09:48:17","modified_gmt":"2025-05-07T06:48:17","slug":"conclav-la-vatican-astazi-incepe-procesul-de-alegere-a-noului-papa","status":"publish","type":"post","link":"https:\/\/realitatearutiera.ro\/?p=124122","title":{"rendered":"Conclav la Vatican. Ast\u0103zi \u00eencepe procesul de alegere a noului pap\u0103"},"content":{"rendered":"\n<p>To\u0163i ochii sunt a\u0163inti\u0163i asupra Vaticanului \u00eencep\u00e2nd de miercuri, c\u00e2nd \u00eencepe conclavul papal pentru alegerea celui de-al 267-lea pap\u0103. Ceremoniile \u00eencep de la 11, ora Rom\u00e2niei, votul efectiv urm\u00e2nd s\u0103 \u00eenceap\u0103 de la 18.<\/p>\n\n\n\n<p>La mai bine de dou\u0103 s\u0103pt\u0103m\u00e2ni de la moartea Papei Francisc, cei 133 de cardinali electori se vor \u00eenchide de miercuri dup\u0103-amiaz\u0103 sub frescele maiestuoase ale Capelei Sixtine pentru un conclav care se anun\u0163\u0103 deschis oric\u0103rui rezultat, scrie AFP.<\/p>\n\n\n\n<p>Prela\u0163ii vor scrie numele preferat pe buletinul de vot, sub cuvintele \u201eEligo in Summum Pontificem\u201d, care \u00een latin\u0103 \u00eenseamn\u0103\u00a0<em>\u201e\u00cel aleg pe Suveranul Pontif\u201d<\/em>. Buletinul de vot \u00eemp\u0103turit va fi apoi a\u015fezat pe o tav\u0103 de argint \u015fi introdus \u00een urn\u0103.<a href=\"https:\/\/stirileprotv.ro\/alegeri\/\"><\/a><\/p>\n\n\n\n<p>O majoritate de dou\u0103 treimi va fi necesar\u0103 pentru alegerea papei.&nbsp;Vor fi patru tururi de scrutin pe zi, dou\u0103 diminea\u0163a \u015fi dou\u0103 dup\u0103-amiaza, iar \u00een cazul \u00een care se ajunge la cel de-al 33-lea sau al 34-lea tur de scrutin, va avea loc balotajul obligatoriu \u00eentre cei doi cardinali care au primit cele mai multe voturi \u00een ultimul tur de scrutin.<\/p>\n\n\n\n<p>Chiar \u015fi \u00een acest caz, totu\u015fi, va fi necesar\u0103 o majoritate de dou\u0103 treimi. Cei doi cardinali candida\u0163i nu vor putea participa activ la vot. Dac\u0103 voturile pentru un candidat vor fi dou\u0103 treimi din votan\u0163i, alegerea Suveranului Pontif este canonic valabil\u0103.<\/p>\n\n\n\n<figure class=\"wp-block-image\"><a class=\"article--related-inside-link\" href=\"https:\/\/stirileprotv.ro\/stiri\/international\/ce-este-un-conclav-romano-catolic-si-cine-participa-la-acesta-cardinalii-aleg-succesorul-papei-francisc.html\"><img decoding=\"async\" src=\"https:\/\/i1.wp.com\/image.stirileprotv.ro\/media\/images\/800x450\/Apr2025\/62537333.jpg?w=800&#038;ssl=1\" alt=\"conclav\" data-recalc-dims=\"1\"\/><\/a><\/figure>\n\n\n\n<p><\/p>\n\n\n\n<p><img decoding=\"async\" src=\"https:\/\/i0.wp.com\/image.stirileprotv.ro\/media\/images\/680xX\/May2025\/62541396.jpg?w=800&#038;ssl=1\" class=\"\" alt=\"\" data-recalc-dims=\"1\"><\/p>\n\n\n\n<p>IMAGO<\/p>\n\n\n\n<h2 class=\"wp-block-heading\">Ce se \u00eent\u00e2mpl\u0103 dup\u0103 ce este ales noul pap\u0103<\/h2>\n\n\n\n<p>\u00cen acel moment, ultimul dintre cardinalii din r\u00e2ndul ordinului diaconilor \u00eei convoac\u0103 pe maestrul celebr\u0103rilor pontificale \u015fi pe secretarul Colegiului Cardinalilor.<\/p>\n\n\n\n<p>Noul ales va fi \u00eentrebat: Acceptasne electionem de te canonice factam in Summum Pontificem? (Accep\u0163i alegerea ta canonic\u0103 ca Suveran Pontif?), iar \u00een caz afirmativ, va fi \u00eentrebat: Quo nomine vis vocari? (Cum vrei s\u0103 fii numit?), \u00eentrebare la care va r\u0103spunde cu numele s\u0103u pontifical.<\/p>\n\n\n\n<p>Dup\u0103 acceptare, buletinele de vot sunt arse, astfel \u00eenc\u00e2t clasicul fum alb poate fi v\u0103zut din Pia\u0163a Sf\u00e2ntul Petru.<\/p>\n\n\n\n<p><img decoding=\"async\" src=\"https:\/\/i2.wp.com\/image.stirileprotv.ro\/media\/images\/680xX\/May2025\/62541392.jpg?w=800&#038;ssl=1\" class=\"\" alt=\"\" data-recalc-dims=\"1\"><\/p>\n\n\n\n<p>IMAGO<\/p>\n\n\n\n<p>La sf\u00e2r\u015fitul conclavului, noul Suveran Pontif se retrage \u00een a\u015fa-numita \u201eCamer\u0103 a lacrimilor\u201d, adic\u0103 sacristia Capelei Sixtine, unde va \u00eembr\u0103ca pentru prima dat\u0103 ve\u015fmintele papale &#8211; preg\u0103tite \u00een trei m\u0103rimi &#8211; cu care se va prezenta mul\u0163imii de credincio\u015fi, care se adun\u0103 imediat \u00een Pia\u0163a Sf\u00e2ntul Petru, la vederea fumului alb \u015fi la auzul clopotelor care r\u0103sun\u0103 a<\/p>\n\n\n\n<h2 class=\"wp-block-heading\">Succesorul papei Francisc, ales departe de ochii publicului<\/h2>\n\n\n\n<p>\u00cenainte ca u\u015file Capelei Sixtine s\u0103 se \u00eenchid\u0103 miercuri dup\u0103-amiaz\u0103, cardinalii vor jura s\u0103 p\u0103streze secretul absolut, sub pedeapsa excomunic\u0103rii. Le va fi interzis s\u0103 comunice cu lumea exterioar\u0103 p\u00e2n\u0103 c\u00e2nd vor alege un nou pap\u0103.<\/p>\n\n\n\n<p>Vaticanul a anun\u0163at c\u0103 va \u00eentrerupe re\u0163eaua telefonic\u0103 \u00een interiorul micului ora\u015f-stat miercuri, de la 16:00, ora Rom\u00e2niei, p\u00e2n\u0103 la alegerea noului pap\u0103, dar nu \u015fi \u00een Pia\u0163a Sf\u00e2ntul Petru, unde credincio\u015fii se vor aduna \u00een num\u0103r mare.<\/p>\n\n\n\n<p>Cardinalii, care vor trebui s\u0103 se despart\u0103 de telefoanele lor mobile, vor informa lumea despre mersul lucr\u0103rilor lor doar prin arderea buletinelor de vot pentru a produce fum &#8211; negru dac\u0103 nu exist\u0103 un ales, alb pentru un nou pap\u0103, o ceremonie cu un puternic simbolism vizual transmis\u0103 de televiziunile din toat\u0103 lumea.<\/p>\n\n\n\n<p>Discu\u0163iile \u201epre-conclav\u201d au acoperit p\u00e2n\u0103 acum o gam\u0103 larg\u0103 de subiecte, de la finan\u0163ele Vaticanului p\u00e2n\u0103 la scandalul violen\u0163elor sexuale, unitatea Bisericii \u015fi profilul viitorului pap\u0103.<\/p>\n\n\n\n<h2 class=\"wp-block-heading\">Cardinalii care au o \u0219ans\u0103 s\u0103 ajung\u0103 Suverani Pontifi<\/h2>\n\n\n\n<p>Cu un num\u0103r record de 133 de cardinali electori din aproximativ 70 de \u0163\u0103ri de pe cinci continente, acest conclav este cel mai mare \u015fi mai interna\u0163ional organizat vreodat\u0103, ceea ce face ca rezultatul s\u0103u s\u0103 fie mai incert ca niciodat\u0103.<\/p>\n\n\n\n<p><em>\u201eExist\u0103 multe profiluri, multe personalit\u0103\u0163i care ar putea fi alese. Cel pu\u0163in cinci sau \u015fase, a\u015f spune\u201d<\/em>, a declarat arhiepiscopul de Alger, Jean-Paul Vesco, pentru&nbsp;<em>Corriere della Sera. \u201eAu existat candida\u0163ii care erau, ca s\u0103 spun a\u015fa, naturali, cei al c\u0103ror rol \u015fi personalitate erau deja bine cunoscute. \u015ei mai sunt \u015fi cei care intervin \u015fi te fac s\u0103 te g\u00e2nde\u015fti: acesta este un cuv\u00e2nt puternic. Dar nu exist\u0103 niciunul care s\u0103 \u00eei \u201ezdrobeasc\u0103\u201d pe ceilal\u0163i, niciunul la care s\u0103 te g\u00e2nde\u015fti: acela va fi el\u201d<\/em>, a m\u0103rturisit el.<\/p>\n\n\n\n<p>Mai mult de zece nume circul\u0103 ca poten\u0163iali candida\u0163i, de la Pierbattista Pizzaballa, patriarhul latin al Ierusalimului, la conservatorul maghiar Peter Erd\u00f6.<\/p>\n\n\n\n<p><em>\u201eEl nu ar trebui s\u0103 fie prea \u00eenchis la minte\u201d<\/em>, spune Veronica de Garcia, 30 de ani, o turist\u0103 mexican\u0103. Dar&nbsp;<em>\u201eun pap\u0103 \u00een favoarea avortului este de neconceput\u201d<\/em>, spune Enzo Orsingher, 78 de ani, din Roma.<\/p>\n\n\n\n<h2 class=\"wp-block-heading\">Cardinalii numi\u021bi de papa Francisc, esen\u021biali \u00een alegerea succesorului s\u0103u<\/h2>\n\n\n\n<p>Francisc a introdus numeroase reforme \u00een timpul pontificatului s\u0103u de 12 ani, dar ac\u0163iunile sale au fost \u0163inta unei opozi\u0163ii interne acerbe.<\/p>\n\n\n\n<p>El a numit aproximativ 80% dintre actualii cardinali electori, \u00eens\u0103 exper\u0163ii consider\u0103 c\u0103 ace\u015ftia nu vor alege neap\u0103rat un succesor care s\u0103 \u00eei calce pe urme.<\/p>\n\n\n\n<p>\u201ePrin\u0163ii Bisericii\u201d stau \u00een mod tradi\u0163ional la re\u015fedin\u0163a Sf\u00e2nta Marta din Vatican, care are b\u0103i private \u015fi room service \u00een stil hotelier.<\/p>\n\n\n\n<p>Mar\u0163i dup\u0103-amiaz\u0103 t\u00e2rziu, primii cardinali au sosit cu valizele \u00een m\u00e2n\u0103. Ace\u015ftia vor avea acces la camerele lor &#8211; atribuite prin tragere la sor\u0163i &#8211; de acum \u015fi p\u00e2n\u0103 la slujba de miercuri diminea\u0163\u0103 (11:00, ora Rom\u00e2niei).<\/p>\n\n\n\n<p>Medici, \u015foferi, buc\u0103tari, personal de securitate \u015fi de cur\u0103\u0163enie: persoanele care \u00eei \u00eenconjoar\u0103 pe cardinali sunt de asemenea \u0163inute la secret \u015fi au depus jur\u0103m\u00e2ntul luni.<\/p>\n\n\n\n<p>Ar fi \u201enea\u015fteptat\u201d dac\u0103 conclavul ar dura mai mult de ziua de vineri, a declarat mar\u0163i cardinalul Jean-Paul Vesco, arhiepiscop de Alger, pentru ABC News.<em>&nbsp;\u201eDac\u0103 vineri seara, papa nu este ales, va \u00eenseamna c\u0103 ceva nea\u015fteptat s-a \u00eent\u00e2mplat\u201d,<\/em>&nbsp;a spus Vesco.<\/p>\n\n\n\n<p>Sursa\/foto:stirileprotv<\/p>\n\n\n\n<p><\/p>\n","protected":false},"excerpt":{"rendered":"<p>To\u0163i ochii sunt a\u0163inti\u0163i asupra Vaticanului \u00eencep\u00e2nd de miercuri, c\u00e2nd \u00eencepe conclavul papal pentru alegerea celui de-al 267-lea pap\u0103. Ceremoniile<\/p>\n","protected":false},"author":1,"featured_media":124123,"comment_status":"open","ping_status":"closed","sticky":false,"template":"","format":"standard","meta":{"spay_email":"","footnotes":"","jetpack_publicize_message":""},"categories":[12],"tags":[],"class_list":["post-124122","post","type-post","status-publish","format-standard","has-post-thumbnail","hentry","category-stiri-internationale"],"jetpack_featured_media_url":"https:\/\/i1.wp.com\/realitatearutiera.ro\/wp-content\/uploads\/2025\/05\/62541351.jpg?fit=1920%2C1080&ssl=1","jetpack_publicize_connections":[],"jetpack_sharing_enabled":true,"jetpack_shortlink":"https:\/\/wp.me\/p61naM-whY","jetpack-related-posts":[],"_links":{"self":[{"href":"https:\/\/realitatearutiera.ro\/index.php?rest_route=\/wp\/v2\/posts\/124122","targetHints":{"allow":["GET"]}}],"collection":[{"href":"https:\/\/realitatearutiera.ro\/index.php?rest_route=\/wp\/v2\/posts"}],"about":[{"href":"https:\/\/realitatearutiera.ro\/index.php?rest_route=\/wp\/v2\/types\/post"}],"author":[{"embeddable":true,"href":"https:\/\/realitatearutiera.ro\/index.php?rest_route=\/wp\/v2\/users\/1"}],"replies":[{"embeddable":true,"href":"https:\/\/realitatearutiera.ro\/index.php?rest_route=%2Fwp%2Fv2%2Fcomments&post=124122"}],"version-history":[{"count":1,"href":"https:\/\/realitatearutiera.ro\/index.php?rest_route=\/wp\/v2\/posts\/124122\/revisions"}],"predecessor-version":[{"id":124124,"href":"https:\/\/realitatearutiera.ro\/index.php?rest_route=\/wp\/v2\/posts\/124122\/revisions\/124124"}],"wp:featuredmedia":[{"embeddable":true,"href":"https:\/\/realitatearutiera.ro\/index.php?rest_route=\/wp\/v2\/media\/124123"}],"wp:attachment":[{"href":"https:\/\/realitatearutiera.ro\/index.php?rest_route=%2Fwp%2Fv2%2Fmedia&parent=124122"}],"wp:term":[{"taxonomy":"category","embeddable":true,"href":"https:\/\/realitatearutiera.ro\/index.php?rest_route=%2Fwp%2Fv2%2Fcategories&post=124122"},{"taxonomy":"post_tag","embeddable":true,"href":"https:\/\/realitatearutiera.ro\/index.php?rest_route=%2Fwp%2Fv2%2Ftags&post=124122"}],"curies":[{"name":"wp","href":"https:\/\/api.w.org\/{rel}","templated":true}]}}