{"id":124183,"date":"2025-05-08T10:35:27","date_gmt":"2025-05-08T07:35:27","guid":{"rendered":"https:\/\/realitatearutiera.ro\/?p=124183"},"modified":"2025-05-08T10:35:45","modified_gmt":"2025-05-08T07:35:45","slug":"accident-rutier-in-zona-tudor-vladimirescu-iasi","status":"publish","type":"post","link":"https:\/\/realitatearutiera.ro\/?p=124183","title":{"rendered":"Accident rutier \u00een zona Tudor Vladimirescu, Ia\u0219i"},"content":{"rendered":"\n<p>Accident rutier cu victime \u00een zona Tudor Vladimirescu .<\/p>\n\n\n\n<figure class=\"wp-block-image size-full\"><img loading=\"lazy\" decoding=\"async\" width=\"768\" height=\"475\" data-attachment-id=\"124184\" data-permalink=\"https:\/\/realitatearutiera.ro\/?attachment_id=124184\" data-orig-file=\"https:\/\/i1.wp.com\/realitatearutiera.ro\/wp-content\/uploads\/2025\/05\/image-20.png?fit=768%2C475&amp;ssl=1\" data-orig-size=\"768,475\" data-comments-opened=\"1\" data-image-meta=\"{&quot;aperture&quot;:&quot;0&quot;,&quot;credit&quot;:&quot;&quot;,&quot;camera&quot;:&quot;&quot;,&quot;caption&quot;:&quot;&quot;,&quot;created_timestamp&quot;:&quot;0&quot;,&quot;copyright&quot;:&quot;&quot;,&quot;focal_length&quot;:&quot;0&quot;,&quot;iso&quot;:&quot;0&quot;,&quot;shutter_speed&quot;:&quot;0&quot;,&quot;title&quot;:&quot;&quot;,&quot;orientation&quot;:&quot;0&quot;}\" data-image-title=\"image\" data-image-description=\"\" data-medium-file=\"https:\/\/i1.wp.com\/realitatearutiera.ro\/wp-content\/uploads\/2025\/05\/image-20.png?fit=300%2C186&amp;ssl=1\" data-large-file=\"https:\/\/i1.wp.com\/realitatearutiera.ro\/wp-content\/uploads\/2025\/05\/image-20.png?fit=768%2C475&amp;ssl=1\" src=\"https:\/\/i1.wp.com\/realitatearutiera.ro\/wp-content\/uploads\/2025\/05\/image-20.png?resize=768%2C475&#038;ssl=1\" alt=\"\" class=\"wp-image-124184\" srcset=\"https:\/\/i1.wp.com\/realitatearutiera.ro\/wp-content\/uploads\/2025\/05\/image-20.png?w=768&amp;ssl=1 768w, https:\/\/i1.wp.com\/realitatearutiera.ro\/wp-content\/uploads\/2025\/05\/image-20.png?resize=300%2C186&amp;ssl=1 300w\" sizes=\"auto, (max-width: 768px) 100vw, 768px\" data-recalc-dims=\"1\" \/><\/figure>\n\n\n\n<p>Un grav accident de circula\u021bie a perturbat traficul miercuri sear\u0103 \u00een municipiul Ia\u0219i, \u00een dreptul zonei Kaufland-Tudor Vladimirescu.<\/p>\n\n\n\n<p>Un impact extrem de violent \u00eentre mai multe autoturisme a dus la proiectarea acestora pe trotuar \u0219i \u00een parcare, conform primelor date.<\/p>\n\n\n\n<p>La fa\u021ba locului au intervenit poli\u021bia, SMURD \u0219i ambulan\u021ba SAJ Ia\u0219i.<\/p>\n\n\n\n<p><em>Un accident rutier pe bulevardul Tudor Vladimirescu din Ia\u0219i a implicat dou\u0103 autoturisme cu patru persoane la bord, rezult\u00e2nd dou\u0103 victime con\u0219tiente (inclusiv un minor). \u00cen urma evalu\u0103rii medicale, toate cele patru persoane vor fi transportate la spital. La interven\u021bie au participat dou\u0103 ambulan\u021be SAJ Ia\u0219i (inclusiv terapie intensiv\u0103 \u0219i prim ajutor), poli\u021bia local\u0103 \u0219i rutier\u0103, \u0219i dou\u0103 autospeciale de descarcerare\u201d<\/em>, au anun\u021bat reprezentan\u021bii ISU Ia\u0219i.<\/p>\n\n\n\n<p>Video <a href=\"https:\/\/iasitvlife.ro\/stiri\/accident-rutier-cu-victime-in-zona-tudor-vladimirescu\/\">aici<\/a><\/p>\n\n\n\n<p>Sursa:iasitvlife<\/p>\n","protected":false},"excerpt":{"rendered":"<p>Accident rutier cu victime \u00een zona Tudor Vladimirescu . Un grav accident de circula\u021bie a perturbat traficul miercuri sear\u0103 \u00een<\/p>\n","protected":false},"author":1,"featured_media":116078,"comment_status":"open","ping_status":"closed","sticky":false,"template":"","format":"standard","meta":{"spay_email":"","footnotes":"","jetpack_publicize_message":""},"categories":[1],"tags":[],"class_list":["post-124183","post","type-post","status-publish","format-standard","has-post-thumbnail","hentry","category-uncategorized"],"jetpack_featured_media_url":"https:\/\/i1.wp.com\/realitatearutiera.ro\/wp-content\/uploads\/2024\/09\/accident.jpg?fit=630%2C365&ssl=1","jetpack_publicize_connections":[],"jetpack_sharing_enabled":true,"jetpack_shortlink":"https:\/\/wp.me\/p61naM-wiX","jetpack-related-posts":[],"_links":{"self":[{"href":"https:\/\/realitatearutiera.ro\/index.php?rest_route=\/wp\/v2\/posts\/124183","targetHints":{"allow":["GET"]}}],"collection":[{"href":"https:\/\/realitatearutiera.ro\/index.php?rest_route=\/wp\/v2\/posts"}],"about":[{"href":"https:\/\/realitatearutiera.ro\/index.php?rest_route=\/wp\/v2\/types\/post"}],"author":[{"embeddable":true,"href":"https:\/\/realitatearutiera.ro\/index.php?rest_route=\/wp\/v2\/users\/1"}],"replies":[{"embeddable":true,"href":"https:\/\/realitatearutiera.ro\/index.php?rest_route=%2Fwp%2Fv2%2Fcomments&post=124183"}],"version-history":[{"count":1,"href":"https:\/\/realitatearutiera.ro\/index.php?rest_route=\/wp\/v2\/posts\/124183\/revisions"}],"predecessor-version":[{"id":124185,"href":"https:\/\/realitatearutiera.ro\/index.php?rest_route=\/wp\/v2\/posts\/124183\/revisions\/124185"}],"wp:featuredmedia":[{"embeddable":true,"href":"https:\/\/realitatearutiera.ro\/index.php?rest_route=\/wp\/v2\/media\/116078"}],"wp:attachment":[{"href":"https:\/\/realitatearutiera.ro\/index.php?rest_route=%2Fwp%2Fv2%2Fmedia&parent=124183"}],"wp:term":[{"taxonomy":"category","embeddable":true,"href":"https:\/\/realitatearutiera.ro\/index.php?rest_route=%2Fwp%2Fv2%2Fcategories&post=124183"},{"taxonomy":"post_tag","embeddable":true,"href":"https:\/\/realitatearutiera.ro\/index.php?rest_route=%2Fwp%2Fv2%2Ftags&post=124183"}],"curies":[{"name":"wp","href":"https:\/\/api.w.org\/{rel}","templated":true}]}}