{"id":1246,"date":"2015-04-28T04:47:42","date_gmt":"2015-04-28T04:47:42","guid":{"rendered":"http:\/\/realitatearutiera.ro\/?p=1246"},"modified":"2015-04-28T07:14:55","modified_gmt":"2015-04-28T07:14:55","slug":"accident-rutier-cu-doua-masini-militare-unul-dintre-autovehicule-transporta-militari-americani","status":"publish","type":"post","link":"https:\/\/realitatearutiera.ro\/?p=1246","title":{"rendered":"Accident rutier cu dou\u0103 ma\u015fini militare. Unul dintre autovehicule transporta militari americani !"},"content":{"rendered":"<p><b>Dou\u0103 ma\u015fini militare care se deplasau \u00een convoi pe \u015foseaua de centur\u0103 a municipiului Gala\u0163i au fost implicate, vineri, \u00eentr-un accident rutier, f\u0103r\u0103 s\u0103 existe victime, \u00eens\u0103 una dintre ma\u015fini, apar\u0163in\u00e2nd Poli\u0163iei Militare Rom\u00e2ne, a fost avariat\u0103, \u00eentr-unul din autovehicule fiind militari americani.<\/b><\/p>\n<p>Accidentul de circula\u0163ie s-a petrecut \u00een timpul deplas\u0103rii unui convoi militar c\u0103tre Poligonul Sm\u00e2rdan, din jude\u0163ul Gala\u0163i, transmite corespondentul MEDIAFAX.<\/p>\n<p><strong>Din primele informa\u0163ii a reie\u015fit c\u0103 o ma\u015fin\u0103 blindat\u0103 \u015fi una apar\u0163in\u00e2nd Poli\u0163iei Militare s-au acro\u015fat, aceasta din urm\u0103 fiind grav avariat\u0103.<\/strong><\/p>\n<p>Dup\u0103 producerea accidentului, circula\u0163ia s-a desf\u0103\u015furat cu dificultate \u00een zona unde au sta\u0163ionat dou\u0103 ma\u015fini blindate \u00een care se aflau militari americani, dar \u015fi autovehiculul avariat, care apar\u0163ine Poli\u0163iei Militare Rom\u00e2ne.<\/p>\n<p><strong>\u00cen urma accidentului, nu s-au \u00eenregistrat victime, potrivit primelor informa\u0163ii de la fa\u0163a locului.<\/strong><\/p>\n<p>\u00cen Poligonul Sm\u00e2rdan, din jude\u0163ul Gala\u0163i, \u015fi la Centrul Administrativ Aerian de la Mihail Kog\u0103lniceanu (CAAMK) din jude\u0163ul Constan\u0163a se desf\u0103\u015foar\u0103, \u00een perioada 16 &#8211; 30 aprilie, exerci\u0163iul Wind Spring 15, la care particip\u0103 peste 2.200 de militari cu armament \u015fi tehnic\u0103 de lupt\u0103 din armatele Regatului Unit al Marii Britanii, Republicii Moldova, Rom\u00e2niei \u015fi Statelor Unite ale Americii.<\/p>\n<p>Potrivit unui comunicat de pres\u0103 al MApN, exerci\u0163iul are ca scop antrenarea \u00een comun, \u00eentr-o concep\u0163ie unitar\u0103, a militarilor din \u0163\u0103ri membre ale NATO sau partenere, pentru men\u0163inerea capacit\u0103\u0163ii opera\u0163ionale a structurilor \u015fi \u00eendeplinirea cerin\u0163elor specifice de interoperabilitate \u015fi standardizare ale Alian\u0163ei Nord-Atlantice \u015fi ale Uniunii Europene.<\/p>\n<p>\u00cen cadrul Wind Spring 15 au loc exerci\u0163ii de comandament, trageri de lupt\u0103, rezolvarea unor situa\u0163ii tactice complexe. Exerci\u0163iul face parte din seria activit\u0103\u0163ilor de instruire \u00een comun care se desf\u0103\u015foar\u0103 at\u00e2t \u00een \u0163ar\u0103, c\u00e2t \u015fi \u00een afara teritoriului na\u0163ional, \u00een cadrul opera\u0163iei &#8220;Atlantic Resolve&#8221;, pentru demonstrarea m\u0103surilor de reasigurare adoptate \u00een cadrul Consiliului Nord-Atlantic privind asigurarea stabilit\u0103\u0163ii \u015fi securit\u0103\u0163ii regionale, \u00een special \u00een actualul climat de securitate din flancul estic al NATO.<\/p>\n","protected":false},"excerpt":{"rendered":"<p>Dou\u0103 ma\u015fini militare care se deplasau \u00een convoi pe \u015foseaua de centur\u0103 a municipiului Gala\u0163i au fost implicate, vineri, \u00eentr-un<\/p>\n","protected":false},"author":1,"featured_media":824,"comment_status":"open","ping_status":"open","sticky":false,"template":"","format":"standard","meta":{"spay_email":"","footnotes":"","jetpack_publicize_message":""},"categories":[1,11],"tags":[],"class_list":["post-1246","post","type-post","status-publish","format-standard","has-post-thumbnail","hentry","category-uncategorized","category-stiri-interne"],"jetpack_featured_media_url":"https:\/\/i1.wp.com\/realitatearutiera.ro\/wp-content\/uploads\/2015\/04\/argesaccidentDUM.jpg?fit=630%2C419&ssl=1","jetpack_publicize_connections":[],"jetpack_sharing_enabled":true,"jetpack_shortlink":"https:\/\/wp.me\/p61naM-k6","jetpack-related-posts":[],"_links":{"self":[{"href":"https:\/\/realitatearutiera.ro\/index.php?rest_route=\/wp\/v2\/posts\/1246","targetHints":{"allow":["GET"]}}],"collection":[{"href":"https:\/\/realitatearutiera.ro\/index.php?rest_route=\/wp\/v2\/posts"}],"about":[{"href":"https:\/\/realitatearutiera.ro\/index.php?rest_route=\/wp\/v2\/types\/post"}],"author":[{"embeddable":true,"href":"https:\/\/realitatearutiera.ro\/index.php?rest_route=\/wp\/v2\/users\/1"}],"replies":[{"embeddable":true,"href":"https:\/\/realitatearutiera.ro\/index.php?rest_route=%2Fwp%2Fv2%2Fcomments&post=1246"}],"version-history":[{"count":1,"href":"https:\/\/realitatearutiera.ro\/index.php?rest_route=\/wp\/v2\/posts\/1246\/revisions"}],"predecessor-version":[{"id":1247,"href":"https:\/\/realitatearutiera.ro\/index.php?rest_route=\/wp\/v2\/posts\/1246\/revisions\/1247"}],"wp:featuredmedia":[{"embeddable":true,"href":"https:\/\/realitatearutiera.ro\/index.php?rest_route=\/wp\/v2\/media\/824"}],"wp:attachment":[{"href":"https:\/\/realitatearutiera.ro\/index.php?rest_route=%2Fwp%2Fv2%2Fmedia&parent=1246"}],"wp:term":[{"taxonomy":"category","embeddable":true,"href":"https:\/\/realitatearutiera.ro\/index.php?rest_route=%2Fwp%2Fv2%2Fcategories&post=1246"},{"taxonomy":"post_tag","embeddable":true,"href":"https:\/\/realitatearutiera.ro\/index.php?rest_route=%2Fwp%2Fv2%2Ftags&post=1246"}],"curies":[{"name":"wp","href":"https:\/\/api.w.org\/{rel}","templated":true}]}}