{"id":125153,"date":"2025-06-06T09:34:25","date_gmt":"2025-06-06T06:34:25","guid":{"rendered":"https:\/\/realitatearutiera.ro\/?p=125153"},"modified":"2025-06-06T09:34:26","modified_gmt":"2025-06-06T06:34:26","slug":"accident-rutier-intre-ciocarlia-si-ciocarlia-de-sus-judetul-constanta","status":"publish","type":"post","link":"https:\/\/realitatearutiera.ro\/?p=125153","title":{"rendered":"Accident rutier \u00eentre Cioc\u00e2rlia \u0219i Cioc\u00e2rlia de Sus, jude\u021bul Constan\u021ba"},"content":{"rendered":"\n<p><strong>Un accident rutier a avut loc vineri diminea\u021b\u0103 \u00eentre cele dou\u0103 localit\u0103\u021bi Cioc\u00e2rlia din jude\u021bul Constan\u021ba. La fa\u021ba locului au intervenit de urgen\u021b\u0103 dou\u0103 echipaje medicale ale Serviciului de Ambulan\u021b\u0103 Jude\u021bean (SAJ), de tip B2.<\/strong><\/p>\n\n\n\n<figure class=\"wp-block-image size-large is-resized\"><img loading=\"lazy\" decoding=\"async\" width=\"800\" height=\"620\" data-attachment-id=\"125154\" data-permalink=\"https:\/\/realitatearutiera.ro\/?attachment_id=125154\" data-orig-file=\"https:\/\/i1.wp.com\/realitatearutiera.ro\/wp-content\/uploads\/2025\/06\/image-39.png?fit=1280%2C991&amp;ssl=1\" data-orig-size=\"1280,991\" data-comments-opened=\"1\" data-image-meta=\"{&quot;aperture&quot;:&quot;0&quot;,&quot;credit&quot;:&quot;&quot;,&quot;camera&quot;:&quot;&quot;,&quot;caption&quot;:&quot;&quot;,&quot;created_timestamp&quot;:&quot;0&quot;,&quot;copyright&quot;:&quot;&quot;,&quot;focal_length&quot;:&quot;0&quot;,&quot;iso&quot;:&quot;0&quot;,&quot;shutter_speed&quot;:&quot;0&quot;,&quot;title&quot;:&quot;&quot;,&quot;orientation&quot;:&quot;0&quot;}\" data-image-title=\"image\" data-image-description=\"\" data-medium-file=\"https:\/\/i1.wp.com\/realitatearutiera.ro\/wp-content\/uploads\/2025\/06\/image-39.png?fit=300%2C232&amp;ssl=1\" data-large-file=\"https:\/\/i1.wp.com\/realitatearutiera.ro\/wp-content\/uploads\/2025\/06\/image-39.png?fit=800%2C620&amp;ssl=1\" src=\"https:\/\/i2.wp.com\/realitatearutiera.ro\/wp-content\/uploads\/2025\/06\/image-39-1024x793.png?resize=800%2C620&#038;ssl=1\" alt=\"\" class=\"wp-image-125154\" style=\"width:541px;height:auto\" srcset=\"https:\/\/i1.wp.com\/realitatearutiera.ro\/wp-content\/uploads\/2025\/06\/image-39.png?resize=1024%2C793&amp;ssl=1 1024w, https:\/\/i1.wp.com\/realitatearutiera.ro\/wp-content\/uploads\/2025\/06\/image-39.png?resize=300%2C232&amp;ssl=1 300w, https:\/\/i1.wp.com\/realitatearutiera.ro\/wp-content\/uploads\/2025\/06\/image-39.png?resize=768%2C595&amp;ssl=1 768w, https:\/\/i1.wp.com\/realitatearutiera.ro\/wp-content\/uploads\/2025\/06\/image-39.png?w=1280&amp;ssl=1 1280w\" sizes=\"auto, (max-width: 800px) 100vw, 800px\" data-recalc-dims=\"1\" \/><\/figure>\n\n\n\n<p><a href=\"https:\/\/vidverto.io\/\" target=\"_blank\" rel=\"noreferrer noopener\"><\/a><\/p>\n\n\n\n<p>\u00cen urma impactului, dou\u0103 persoane au fost r\u0103nite. Este vorba despre un b\u0103rbat care a suferit un traumatism cranio-cerebral (TCC) \u0219i o femeie cu traumatism la nivelul membrului superior.<\/p>\n\n\n\n<p>Cele dou\u0103 victime au primit \u00eengrijiri medicale la fa\u021ba locului \u0219i au fost transportate ulterior la spital pentru investiga\u021bii \u0219i tratament de specialitate.<\/p>\n\n\n\n<p>Poli\u021bi\u0219tii continu\u0103 cercet\u0103rile pentru a stabili cu exactitate \u00eemprejur\u0103rile \u00een care s-a produs accidentul.<\/p>\n\n\n\n<p>Sursa:ct100<\/p>\n","protected":false},"excerpt":{"rendered":"<p>Un accident rutier a avut loc vineri diminea\u021b\u0103 \u00eentre cele dou\u0103 localit\u0103\u021bi Cioc\u00e2rlia din jude\u021bul Constan\u021ba. La fa\u021ba locului au<\/p>\n","protected":false},"author":1,"featured_media":116298,"comment_status":"open","ping_status":"closed","sticky":false,"template":"","format":"standard","meta":{"spay_email":"","footnotes":"","jetpack_publicize_message":""},"categories":[1],"tags":[],"class_list":["post-125153","post","type-post","status-publish","format-standard","has-post-thumbnail","hentry","category-uncategorized"],"jetpack_featured_media_url":"https:\/\/i1.wp.com\/realitatearutiera.ro\/wp-content\/uploads\/2024\/09\/semn-accident-850x560-1.jpg?fit=850%2C560&ssl=1","jetpack_publicize_connections":[],"jetpack_sharing_enabled":true,"jetpack_shortlink":"https:\/\/wp.me\/p61naM-wyB","jetpack-related-posts":[],"_links":{"self":[{"href":"https:\/\/realitatearutiera.ro\/index.php?rest_route=\/wp\/v2\/posts\/125153","targetHints":{"allow":["GET"]}}],"collection":[{"href":"https:\/\/realitatearutiera.ro\/index.php?rest_route=\/wp\/v2\/posts"}],"about":[{"href":"https:\/\/realitatearutiera.ro\/index.php?rest_route=\/wp\/v2\/types\/post"}],"author":[{"embeddable":true,"href":"https:\/\/realitatearutiera.ro\/index.php?rest_route=\/wp\/v2\/users\/1"}],"replies":[{"embeddable":true,"href":"https:\/\/realitatearutiera.ro\/index.php?rest_route=%2Fwp%2Fv2%2Fcomments&post=125153"}],"version-history":[{"count":1,"href":"https:\/\/realitatearutiera.ro\/index.php?rest_route=\/wp\/v2\/posts\/125153\/revisions"}],"predecessor-version":[{"id":125155,"href":"https:\/\/realitatearutiera.ro\/index.php?rest_route=\/wp\/v2\/posts\/125153\/revisions\/125155"}],"wp:featuredmedia":[{"embeddable":true,"href":"https:\/\/realitatearutiera.ro\/index.php?rest_route=\/wp\/v2\/media\/116298"}],"wp:attachment":[{"href":"https:\/\/realitatearutiera.ro\/index.php?rest_route=%2Fwp%2Fv2%2Fmedia&parent=125153"}],"wp:term":[{"taxonomy":"category","embeddable":true,"href":"https:\/\/realitatearutiera.ro\/index.php?rest_route=%2Fwp%2Fv2%2Fcategories&post=125153"},{"taxonomy":"post_tag","embeddable":true,"href":"https:\/\/realitatearutiera.ro\/index.php?rest_route=%2Fwp%2Fv2%2Ftags&post=125153"}],"curies":[{"name":"wp","href":"https:\/\/api.w.org\/{rel}","templated":true}]}}