{"id":125156,"date":"2025-06-06T09:41:59","date_gmt":"2025-06-06T06:41:59","guid":{"rendered":"https:\/\/realitatearutiera.ro\/?p=125156"},"modified":"2025-06-06T09:42:01","modified_gmt":"2025-06-06T06:42:01","slug":"cand-risti-dosar-penal-daca-ridici-stergatoarele-altui-sofer","status":"publish","type":"post","link":"https:\/\/realitatearutiera.ro\/?p=125156","title":{"rendered":"C\u00e2nd ri\u0219ti dosar penal dac\u0103 ridici \u0219terg\u0103toarele altui \u0219ofer"},"content":{"rendered":"\n<p>Dac\u0103 ai g\u0103sit ridicate \u0219terg\u0103toarele \u00een parcare \u00eenseamn\u0103 c\u0103 o alt\u0103 persoan\u0103 \u00ee\u021bi transmite c\u0103 nu ai l\u0103sat ma\u0219ina \u00een locul potrivit. \u00cen general, cei care apeleaz\u0103 la acest gest vor s\u0103 transmit\u0103 fie c\u0103 le-ai ocupat locul de parcare, fie c\u0103 \u00eempiedici circula\u021bia pietonilor sau vehiculelor, fie c\u0103 nu e regulamentar unde ai oprit. Legea, \u00eens\u0103, este foarte clar\u0103 \u00een astfel de situa\u021bii \u0219i ri\u0219ti chiar dosar penal dac\u0103 ridici \u0219terg\u0103toarele altui \u0219ofer.<\/p>\n\n\n\n<p>Ridicarea \u0219terg\u0103toarelor este, aparent, un gest inofensiv, prin care unui \u0219ofer i se transmite c\u0103 a parcat incorect.<\/p>\n\n\n\n<p>Conform Codului Rutier, acest gest nu reprezint\u0103 nici abatere contraven\u021bional\u0103, nici infrac\u021biune.<\/p>\n\n\n\n<p>Dar, Codul Penal poate incrimina ridicarea&nbsp;<a href=\"https:\/\/www.promotor.ro\/stiri-auto\/cum-e-mai-bine-stergatoarele-iarna-jos-sau-sus-18809476\">\u0219terg\u0103toarelor<\/a>&nbsp;atunci c\u00e2nd asta reprezint\u0103 o amenin\u021bare. Iar dac\u0103 se produce o daun\u0103 bra\u021bului \u0219terg\u0103torului, se \u00eencadreaz\u0103 la distrugere, fapt\u0103 pentru care, de asemenea, se deschide dosar penal.<\/p>\n\n\n\n<h2 class=\"wp-block-heading\">Codul Penal 2025: Este infrac\u021biune ridicarea \u0219terg\u0103toarelor?<\/h2>\n\n\n\n<p>Dac\u0103 nu se produce o pagub\u0103 \u0219i nu exist\u0103 inten\u021bia clar\u0103 de a deranja sau intimida, ridicarea \u0219terg\u0103toarelor nu reprezint\u0103 infrac\u021biune.<\/p>\n\n\n\n<p>\u201e<em><strong>Dac\u0103 este vorba doar de un gest simbolic, ca protest fa\u021b\u0103 de modul \u00een care o persoan\u0103 a parcat, nu prea exist\u0103 temei de sanc\u021bionare a faptei. Dar nu ar trebui niciodat\u0103 s\u0103 apelezi la astfel de gesturi, pentru c\u0103 oric\u00e2nd pot fi \u00eencadrate la infrac\u021biune. Legisla\u021bia rom\u00e2neasc\u0103 nu interzice direct ridicarea \u0219terg\u0103toarelor altei ma\u0219ini, dar fapta poate fi \u00eencadrat\u0103 la distrugere, tulburare de posesie, h\u0103r\u021buire sau tulburarea ordinii \u0219i lini\u0219tii publice<\/strong><\/em>\u201d, a explicat pentru ProMotor avocatul Valentin Ciobanu.<\/p>\n\n\n\n<p>A\u0219adar, \u0219terg\u0103toarele&nbsp;<a href=\"https:\/\/www.promotor.ro\/stiri-auto\/cele-mai-scumpe-stergatoare-disponibile-pe-emag-pentru-ce-masina-sunt-facute-19181288\">ridicate<\/a>&nbsp;\u00een parcare nu reprezint\u0103 o infrac\u021biune sanc\u021bionat\u0103 de Codul Penal.<\/p>\n\n\n\n<p>\u00cens\u0103, dac\u0103 acest gest este unul persistent, prin care o persoan\u0103 ridic\u0103 \u00een mod constant \u0219terg\u0103toarele unei ma\u0219ini, poate fi considerat infrac\u021biune. Mai ales dac\u0103 e \u00eenso\u021bit de mesaje directe sau indirecte de amenin\u021bare.<\/p>\n\n\n\n<p>Sau dac\u0103 \u00een urma ridic\u0103rii \u0219terg\u0103toarelor \u00een parcare, se produce o daun\u0103 vehiculului, fapta poate fi \u00eencadrat\u0103 la infrac\u021biune, fiind pedepsit\u0103 chiar cu \u00eenchisoarea.<\/p>\n\n\n\n<h2 class=\"wp-block-heading\">\u00cen ce situa\u021bii ri\u0219ti dosar penal dac\u0103 ridici \u0219terg\u0103toarele unei ma\u0219ini<\/h2>\n\n\n\n<p>Ridicarea \u0219terg\u0103torului se poate sanc\u021biona penal \u00een cazul \u00een care fapta se \u00eencadreaz\u0103 la:<\/p>\n\n\n\n<ul class=\"wp-block-list\">\n<li>distrugerea bunului;<\/li>\n\n\n\n<li>tulburare de posesie;<\/li>\n\n\n\n<li>h\u0103r\u021buire sau intimidare;<\/li>\n\n\n\n<li>tulburarea lini\u0219tii \u0219i ordinii publice.<\/li>\n<\/ul>\n\n\n\n<p>Dac\u0103 \u0219terg\u0103torul se rupe sau se deterioreaz\u0103 c\u00e2nd este ridicat, fapta poate fi \u00eencadrat\u0103 drept infrac\u021biune de distrugere. Conform Codului Penal, distrugerea unui bun al altuia este pedepsit\u0103 cu amend\u0103 sau chiar \u00eenchisoare de la 3 luni la 2 ani.<\/p>\n\n\n\n<p>\u00cen anumite cazuri, fapta poate fi asociat\u0103 cu alte forme de agresiune asupra ma\u0219inii:<\/p>\n\n\n\n<ul class=\"wp-block-list\">\n<li>blocarea inten\u021bionat\u0103<\/li>\n\n\n\n<li>lipirea de afi\u0219e<\/li>\n\n\n\n<li>ridicarea oglinzilor, etc.<\/li>\n<\/ul>\n\n\n\n<p>Ceea ce se poate considera tulburare de posesie, deoarece a fost afectat\u0103 folosin\u021ba bunului.<\/p>\n\n\n\n<p>Dac\u0103 gestul este repetat, direc\u021bionat \u0219i cu scop de a provoca disconfort psihologic, poate fi asociat cu fapta de h\u0103r\u021buire \u0219i intimidare. Mai ales \u00een cazurile de conflicte \u00eentre vecini pentru un loc de parcare.<\/p>\n\n\n\n<p>\u00cen situa\u021bia \u00een care fapta este \u00eenso\u021bit\u0103 de scandal, injurii sau provoc\u0103ri, poate fi sanc\u021bionat\u0103 contraven\u021bional pentru tulburarea ordinii publice.<\/p>\n\n\n\n<p>A\u0219adar, chiar dac\u0103 ridicarea unui \u0219terg\u0103tor pare o reac\u021bie inofensiv\u0103, fapta poate fi sanc\u021bionat\u0103 contraven\u021bional sau chiar penal. Nici lipirea pe&nbsp;<a href=\"https:\/\/www.promotor.ro\/utile\/care-sunt-cele-mai-bune-stergatoare-auto-de-parbriz-18293930\">parbriz<\/a>, pe geamurile laterale sau pe caroserie nu este legal\u0103.<\/p>\n\n\n\n<p>De aceea, dac\u0103 un autoturism este parcat neregulamentar, po\u021bi suna la Poli\u021bia Local\u0103 sau fotografia situa\u021bia pentru a o raporta legal.<\/p>\n\n\n\n<p>Sursa\/foto:promotor<\/p>\n","protected":false},"excerpt":{"rendered":"<p>Dac\u0103 ai g\u0103sit ridicate \u0219terg\u0103toarele \u00een parcare \u00eenseamn\u0103 c\u0103 o alt\u0103 persoan\u0103 \u00ee\u021bi transmite c\u0103 nu ai l\u0103sat ma\u0219ina \u00een<\/p>\n","protected":false},"author":1,"featured_media":125157,"comment_status":"open","ping_status":"closed","sticky":false,"template":"","format":"standard","meta":{"spay_email":"","footnotes":"","jetpack_publicize_message":""},"categories":[82],"tags":[],"class_list":["post-125156","post","type-post","status-publish","format-standard","has-post-thumbnail","hentry","category-auto"],"jetpack_featured_media_url":"https:\/\/i1.wp.com\/realitatearutiera.ro\/wp-content\/uploads\/2025\/06\/stergatoare-ridicate.jpeg?fit=1600%2C1066&ssl=1","jetpack_publicize_connections":[],"jetpack_sharing_enabled":true,"jetpack_shortlink":"https:\/\/wp.me\/p61naM-wyE","jetpack-related-posts":[],"_links":{"self":[{"href":"https:\/\/realitatearutiera.ro\/index.php?rest_route=\/wp\/v2\/posts\/125156","targetHints":{"allow":["GET"]}}],"collection":[{"href":"https:\/\/realitatearutiera.ro\/index.php?rest_route=\/wp\/v2\/posts"}],"about":[{"href":"https:\/\/realitatearutiera.ro\/index.php?rest_route=\/wp\/v2\/types\/post"}],"author":[{"embeddable":true,"href":"https:\/\/realitatearutiera.ro\/index.php?rest_route=\/wp\/v2\/users\/1"}],"replies":[{"embeddable":true,"href":"https:\/\/realitatearutiera.ro\/index.php?rest_route=%2Fwp%2Fv2%2Fcomments&post=125156"}],"version-history":[{"count":1,"href":"https:\/\/realitatearutiera.ro\/index.php?rest_route=\/wp\/v2\/posts\/125156\/revisions"}],"predecessor-version":[{"id":125158,"href":"https:\/\/realitatearutiera.ro\/index.php?rest_route=\/wp\/v2\/posts\/125156\/revisions\/125158"}],"wp:featuredmedia":[{"embeddable":true,"href":"https:\/\/realitatearutiera.ro\/index.php?rest_route=\/wp\/v2\/media\/125157"}],"wp:attachment":[{"href":"https:\/\/realitatearutiera.ro\/index.php?rest_route=%2Fwp%2Fv2%2Fmedia&parent=125156"}],"wp:term":[{"taxonomy":"category","embeddable":true,"href":"https:\/\/realitatearutiera.ro\/index.php?rest_route=%2Fwp%2Fv2%2Fcategories&post=125156"},{"taxonomy":"post_tag","embeddable":true,"href":"https:\/\/realitatearutiera.ro\/index.php?rest_route=%2Fwp%2Fv2%2Ftags&post=125156"}],"curies":[{"name":"wp","href":"https:\/\/api.w.org\/{rel}","templated":true}]}}