{"id":125325,"date":"2025-06-12T10:57:16","date_gmt":"2025-06-12T07:57:16","guid":{"rendered":"https:\/\/realitatearutiera.ro\/?p=125325"},"modified":"2025-06-12T10:57:35","modified_gmt":"2025-06-12T07:57:35","slug":"vacanta-cu-masina-in-grecia-ce-trebuie-sa-stii-despre-limitele-de-viteza-si-amenzi-pe-drum-si-pe-traseul-pana-la-destinatie","status":"publish","type":"post","link":"https:\/\/realitatearutiera.ro\/?p=125325","title":{"rendered":"Vacan\u021b\u0103 cu ma\u0219ina \u00een Grecia: Ce trebuie s\u0103 \u0219tii despre limitele de vitez\u0103 \u0219i amenzi, pe drum \u0219i pe traseul p\u00e2n\u0103 la destina\u021bie"},"content":{"rendered":"\n<p id=\"p-1\"><strong>Rom\u00e2nii care \u00ee\u0219i planific\u0103 concediul \u00een Grecia cu ma\u0219ina, vara aceasta, trebuie s\u0103 respecte cu aten\u021bie regulile de circula\u021bie, at\u00e2t \u00een Grecia, c\u00e2t \u0219i pe traseul p\u00e2n\u0103 la destina\u021bie.<\/strong><\/p>\n\n\n\n<p id=\"p-2\">Pentru a ajunge \u00een Grecia cu ma\u0219ina, rom\u00e2nii pot alege \u00eentre dou\u0103 rute principale: una prin Bulgaria \u0219i alta prin Serbia \u0219i Macedonia de Nord.<\/p>\n\n\n\n<h3 class=\"wp-block-heading\">Ruta prin Bulgaria<\/h3>\n\n\n\n<p id=\"p-3\">Odat\u0103 intra\u021bi \u00een Bulgaria, \u0219oferii trebuie s\u0103 adapteze viteza la limitele locale:<\/p>\n\n\n\n<ul class=\"wp-block-list\">\n<li>50 km\/h \u00een localitate,<\/li>\n\n\n\n<li>90 km\/h \u00een afara localit\u0103\u021bilor,<\/li>\n\n\n\n<li>120 km\/h pe drumuri expres,<\/li>\n\n\n\n<li>130 km\/h pe autostr\u0103zi.<\/li>\n<\/ul>\n\n\n\n<p id=\"p-4\">Autorit\u0103\u021bile bulgare folosesc radare fixe \u0219i mobile frecvent, iar amenzile se pl\u0103tesc rapid, uneori chiar pe loc.<\/p>\n\n\n\n<p id=\"p-5\">\u00cencep\u00e2nd cu anul 2025, limita de vitez\u0103 pe autostr\u0103zile din Bulgaria a fost redus\u0103 de la 140 km\/h la 130 km\/h, ca parte a unor reforme legislative menite s\u0103 \u00eembun\u0103t\u0103\u021beasc\u0103 siguran\u021ba rutier\u0103.<\/p>\n\n\n\n<h3 class=\"wp-block-heading\">Ruta prin Serbia \u0219i Macedonia de Nord<\/h3>\n\n\n\n<p id=\"p-6\">Dac\u0103 traseul include Serbia, limitele sunt:<\/p>\n\n\n\n<ul class=\"wp-block-list\">\n<li>50 km\/h \u00een localitate,<\/li>\n\n\n\n<li>80 km\/h \u00een afara localit\u0103\u021bilor,<\/li>\n\n\n\n<li>100 km\/h pe drumuri expres,<\/li>\n\n\n\n<li>130 km\/h pe autostr\u0103zi.<\/li>\n<\/ul>\n\n\n\n<p id=\"p-7\">\u00cen Serbia, toleran\u021ba fa\u021b\u0103 de \u00eenc\u0103lc\u0103rile regulilor de circula\u021bie este sc\u0103zut\u0103, iar sanc\u021biunile pot include suspendarea permisului sau chiar re\u021binerea vehiculului \u00een unele cazuri grave.<\/p>\n\n\n\n<p id=\"p-8\">Pentru cei care trec prin Macedonia de Nord, regulile sunt similare:<\/p>\n\n\n\n<ul class=\"wp-block-list\">\n<li>50 km\/h \u00een localitate,<\/li>\n\n\n\n<li>80 km\/h \u00een afara localit\u0103\u021bilor,<\/li>\n\n\n\n<li>110 km\/h pe drumuri expres,<\/li>\n\n\n\n<li>130 km\/h pe autostr\u0103zi.<\/li>\n<\/ul>\n\n\n\n<p id=\"p-10\">\u00cen Grecia, destina\u021bia de vacan\u021b\u0103 pentru mul\u021bi turi\u0219ti rom\u00e2ni, legisla\u021bia rutier\u0103 prevede limite de:<\/p>\n\n\n\n<ul class=\"wp-block-list\">\n<li>50 km\/h \u00een localitate,<\/li>\n\n\n\n<li>90 km\/h \u00een afara localit\u0103\u021bilor,<\/li>\n\n\n\n<li>110 km\/h pe drumuri expres,<\/li>\n\n\n\n<li>130 km\/h pe autostr\u0103zi.<\/li>\n<\/ul>\n\n\n\n<p id=\"p-11\">Grecia aplic\u0103 sanc\u021biuni severe pentru \u00eenc\u0103lcarea acestor limite, iar amenzile pot ajunge la c\u00e2teva sute de euro, mai ales dac\u0103 viteza este dep\u0103\u0219it\u0103 cu peste 30 km\/h.<\/p>\n\n\n\n<p id=\"p-12\">Potrivit&nbsp;<a href=\"https:\/\/playtech.ro\/2025\/limitele-de-viteza-pe-soselele-din-grecia-ce-trebuie-sa-stie-romanii-inainte-de-a-pleca-in-concediu-cu-masina-ce-amenzi-se-dau-in-2025\/?fbclid=IwY2xjawK0sZtleHRuA2FlbQIxMABicmlkETBSbkt5N3hOMlZNZWJwZkNrAR7YA3V3HJBVqm-WGKjJLVZwIrSOu3EwrZWAFhYFBCh4On-WNNHTLJ8LgRBVeg_aem_JOey-8FSH0ElaEIB9E3xpw\" target=\"_blank\" rel=\"noreferrer noopener\">Playtech<\/a>, amenzile pentru dep\u0103\u0219irea vitezei legale sunt urm\u0103toarele, \u00een func\u021bie de c\u00e2t de mult este dep\u0103\u0219it\u0103 limita:<\/p>\n\n\n\n<ul class=\"wp-block-list\">\n<li>P\u00e2n\u0103 la 20 km\/h peste limit\u0103 \u2013 amend\u0103 de 100 euro<\/li>\n\n\n\n<li>\u00centre 21 \u0219i 30 km\/h peste limit\u0103 \u2013 amend\u0103 de 350 euro, plus suspendarea permisului pentru 60 de zile<\/li>\n\n\n\n<li>Peste 30 km\/h \u2013 amend\u0103 de 700 euro, suspendarea permisului pentru 90 de zile \u0219i re\u021binerea certificatului de \u00eenmatriculare<\/li>\n<\/ul>\n\n\n\n<p id=\"p-13\">\u00cen plus, amenzile trebuie pl\u0103tite \u00een termen de 10 zile lucr\u0103toare pentru a beneficia de o reducere de 50%. Dup\u0103 aceast\u0103 perioad\u0103, se achit\u0103 suma integral\u0103.<\/p>\n\n\n\n<p>Sursa:alba24<\/p>\n","protected":false},"excerpt":{"rendered":"<p>Rom\u00e2nii care \u00ee\u0219i planific\u0103 concediul \u00een Grecia cu ma\u0219ina, vara aceasta, trebuie s\u0103 respecte cu aten\u021bie regulile de circula\u021bie, at\u00e2t<\/p>\n","protected":false},"author":1,"featured_media":119231,"comment_status":"open","ping_status":"closed","sticky":false,"template":"","format":"standard","meta":{"spay_email":"","footnotes":"","jetpack_publicize_message":""},"categories":[11],"tags":[],"class_list":["post-125325","post","type-post","status-publish","format-standard","has-post-thumbnail","hentry","category-stiri-interne"],"jetpack_featured_media_url":"https:\/\/realitatearutiera.ro\/wp-content\/uploads\/2024\/12\/https___www.promotor.ro_wp-content_uploads_2021_06_Vama-Grecia-Shutterstock-1.webp","jetpack_publicize_connections":[],"jetpack_sharing_enabled":true,"jetpack_shortlink":"https:\/\/wp.me\/p61naM-wBn","jetpack-related-posts":[],"_links":{"self":[{"href":"https:\/\/realitatearutiera.ro\/index.php?rest_route=\/wp\/v2\/posts\/125325","targetHints":{"allow":["GET"]}}],"collection":[{"href":"https:\/\/realitatearutiera.ro\/index.php?rest_route=\/wp\/v2\/posts"}],"about":[{"href":"https:\/\/realitatearutiera.ro\/index.php?rest_route=\/wp\/v2\/types\/post"}],"author":[{"embeddable":true,"href":"https:\/\/realitatearutiera.ro\/index.php?rest_route=\/wp\/v2\/users\/1"}],"replies":[{"embeddable":true,"href":"https:\/\/realitatearutiera.ro\/index.php?rest_route=%2Fwp%2Fv2%2Fcomments&post=125325"}],"version-history":[{"count":2,"href":"https:\/\/realitatearutiera.ro\/index.php?rest_route=\/wp\/v2\/posts\/125325\/revisions"}],"predecessor-version":[{"id":125327,"href":"https:\/\/realitatearutiera.ro\/index.php?rest_route=\/wp\/v2\/posts\/125325\/revisions\/125327"}],"wp:featuredmedia":[{"embeddable":true,"href":"https:\/\/realitatearutiera.ro\/index.php?rest_route=\/wp\/v2\/media\/119231"}],"wp:attachment":[{"href":"https:\/\/realitatearutiera.ro\/index.php?rest_route=%2Fwp%2Fv2%2Fmedia&parent=125325"}],"wp:term":[{"taxonomy":"category","embeddable":true,"href":"https:\/\/realitatearutiera.ro\/index.php?rest_route=%2Fwp%2Fv2%2Fcategories&post=125325"},{"taxonomy":"post_tag","embeddable":true,"href":"https:\/\/realitatearutiera.ro\/index.php?rest_route=%2Fwp%2Fv2%2Ftags&post=125325"}],"curies":[{"name":"wp","href":"https:\/\/api.w.org\/{rel}","templated":true}]}}