{"id":125461,"date":"2025-06-16T11:52:16","date_gmt":"2025-06-16T08:52:16","guid":{"rendered":"https:\/\/realitatearutiera.ro\/?p=125461"},"modified":"2025-06-16T11:52:20","modified_gmt":"2025-06-16T08:52:20","slug":"tarifele-rca-raman-plafonate-pana-la-final-de-iunie","status":"publish","type":"post","link":"https:\/\/realitatearutiera.ro\/?p=125461","title":{"rendered":"Tarifele RCA r\u0103m\u00e2n plafonate p\u00e2n\u0103 la final de iunie"},"content":{"rendered":"\n<p>Tarifele RCA mai sunt plafonate doar p\u00e2n\u0103 la finalul lunii iunie. Alexandra Petrescu, pre\u0219edintele ASF, a explicat c\u0103 urmeaza ca institu\u021bia s\u0103 ia o decizie, dac\u0103 \u00eenghe\u021barea pre\u021burilor va continua, din iulie.<\/p>\n\n\n\n<p>\u00cen caz contrar, ne-am putea a\u0219tepta la cre\u0219teri de preturi, dar nu semnificative, a mai spus Alexandru Petrescut. Declara\u021bia a fost f\u0103cut\u0103 la emisiunea iBani, moderat\u0103 de \u0218tefana Todic\u0103<\/p>\n\n\n\n<p><strong>Alexandru Petrescu<\/strong>:&nbsp;<em>\u201eNoi vom lua o decizie la nivelul autorit\u0103\u021bii, undeva dup\u0103 jum\u0103tatea lunii \u00een curs, dac\u0103 vom continua \u00eenghe\u021barea pre\u021burilor. (\u2026) Nu m\u0103 a\u0219tept la o cre\u0219tere semnificativ\u0103 a pre\u021burilor pe RCA \u0219i \u00een special pe toate poli\u021bele din acest spectru, dar m\u0103 a\u0219tept s\u0103 intre o fluctua\u021bie natural\u0103, concuren\u021bial\u0103, cerere-ofert\u0103. \u0218i dac\u0103 unele poli\u021be, s\u0103 spunem unii asiguratori, vor cre\u0219te pre\u021bul, cu siguran\u021b\u0103 unii, dintr-un spirit de competitivitate probabil \u00eel vor reduce\u201d.<\/em><\/p>\n\n\n\n<p>\u00centre timp, la numai doi ani de la falimentul \u201eEuroins\u201d, a mai fost suspendat\u0103 o companie de asigur\u0103ri auto cu probleme, tot din Bulgaria. Este vorba despre firma Dallbogg.<\/p>\n\n\n\n<p>De la 1 iulie, aceast\u0103 companie nu va mai putea emite poli\u021be pentru o perioad\u0103 de trei luni. Companie vinde poli\u021be \u00een Rom\u00e2nia din decembrie \u0219i a ajuns la 150.000 de clien\u021bi, doar ca oamenii \u0219i service-urile au semnalat probleme de comunicare \u0219i \u00eent\u00e2rzieri la pl\u0103\u021bi.<\/p>\n\n\n\n<p><strong>Alexandru Petrescu<\/strong>:&nbsp;<em>\u201eExistau o serie de sesiz\u0103ri \u0219i din partea publicului, \u0219i din partea service-urilor, din partea mai multor actori implica\u021bi \u00een acest ecosistem de asigur\u0103ri RCA. Evident c\u0103 noi am ridicat problemele \u00eenc\u0103 din timp util la nivelul autorit\u0103\u021bii din Bulgaria. (\u2026) \u021aineau de conduit\u0103, de obliga\u021biile lor fa\u021b\u0103 de cei care le achizi\u021bionau poli\u021bele, de plata daunelor, de dialogul pur \u0219i simplu pe care \u00eel avea cu service-urile. Sunt oameni care probabil \u00een urma unui eveniment rutier, unui accident, a\u0219teptau plata unor daune. Acestea puteau veni cu \u00eent\u00e2rziere sau veneau par\u021bial multiple probleme, ceea ce evident, nou\u0103 ne-a semnalat c\u0103 pot fi ni\u0219te elemente care s\u0103 ne pun\u0103 pe g\u00e2nduri, av\u00e2nd \u00een vedere c\u0103 am \u0219i internalizat la nivelul ASF-ului o istorie nepl\u0103cut\u0103 a ultimilor ani atunci c\u00e2nd vorbim de anumite societ\u0103\u021bi de asigurare.\u201d<\/em><\/p>\n\n\n\n<p>Pentru cei care au \u00een prezent poli\u021bia emis\u0103 de Dallbogg, poli\u021bele r\u0103m\u00e2n valabile p\u00e2n\u0103 expir\u0103 termenul acestor poli\u021be, a explicat pre\u0219edintele ASF.<\/p>\n\n\n\n<p>Pe de alt\u0103 parte, pia\u021ba de asigur\u0103ri RCA ar urma s\u0103 intre \u00eentr-un proces de digitalizare, a mai spus pre\u0219edintele ASF, dup\u0103 semnarea unui proiect \u00een acest sens, cu fonduri europene.<\/p>\n\n\n\n<p><em>\u201eUrmeaz\u0103 a fi implementat \u00een 3 ani de zile, urm\u0103re\u0219te ca scop final digitalizarea \u00eentregului sistem de supraveghere pe toate cele trei pie\u021be pia\u021b\u0103 de capital, asigur\u0103ri, pia\u021b\u0103 de pensii, astfel \u00eenc\u00e2t s\u0103 putem adopta instrumente digitale de supraveghere care s\u0103 ne dea acurate\u021be, rigoare \u0219i toate datele \u00een timp util, astfel \u00eenc\u00e2t s\u0103 lu\u0103m ac\u021biuni \u0219i demersuri de corijare, de \u00eendreptare\u201d,&nbsp;<\/em>explic\u0103 pre\u0219edintele ASF<em>.<\/em><\/p>\n\n\n\n<h2 class=\"wp-block-heading\">Rom\u00e2nia, sub media UE la asigur\u0103rile RCA<\/h2>\n\n\n\n<p>\u00cen ce stadiu este proiectul care ar permite \u0219oferilor s\u0103 \u00eenghe\u021be poli\u021ba RCA, pentru o perioad\u0103, dac\u0103 masina nu circul\u0103, sau s\u0103 cumpere asigur\u0103ri \u00een rate<\/p>\n\n\n\n<p><em>\u201eA\u0219 mai men\u021biona supravegherea electronic\u0103 \u00een trafic, prin portofoliul de camere al CNAIR, a valabilit\u0103\u021bii unei poli\u021be RCA. Fiindc\u0103 \u00een Rom\u00e2nia, din p\u0103cate, din zece ma\u0219ini care trec ast\u0103zi pe bulevard, doar \u0219apte au poli\u021b\u0103 valid\u0103 RCA. Deci 70% acoperirea cu RCA foarte pu\u021bin este pu\u021bin\u0103, media UE este undeva spre 90%, este unul dintre motivele pentru care, poate \u00eenc\u0103 exist\u0103 o rezerv\u0103 a unor juc\u0103tori cu capital rom\u00e2nesc ori capital str\u0103in s\u0103 intre \u00een pia\u021ba de RCA. Acest set de amendamente este \u00een discu\u021bie la comisiile de specialitate, \u00een Parlament, \u0219i sper\u0103m \u00een perioada urm\u0103toare s\u0103 treac\u0103 \u0219i de Camera Deputa\u021bilor, fiindc\u0103 este un set de amendamente a c\u0103ror facilit\u0103\u021bi vor impacta \u00een mod pozitiv absolut pe toat\u0103 lumea din pia\u021b\u0103\u201d,<\/em>&nbsp;a declarant Alexandru Petrescu, pre\u0219edintele ASF.<\/p>\n\n\n\n<p>Mai multe despre acest subiect, dar \u0219i despre suspendarea unei firme de asigur\u0103ri care vinde poli\u021be \u00een Rom\u00e2nia, pute\u021bi vedea \u00een cadrul emisiunii iBani.<\/p>\n\n\n\n<p>Sursa\/foto:stirileprotv<\/p>\n","protected":false},"excerpt":{"rendered":"<p>Tarifele RCA mai sunt plafonate doar p\u00e2n\u0103 la finalul lunii iunie. Alexandra Petrescu, pre\u0219edintele ASF, a explicat c\u0103 urmeaza ca<\/p>\n","protected":false},"author":1,"featured_media":125462,"comment_status":"open","ping_status":"closed","sticky":false,"template":"","format":"standard","meta":{"spay_email":"","footnotes":"","jetpack_publicize_message":""},"categories":[6],"tags":[],"class_list":["post-125461","post","type-post","status-publish","format-standard","has-post-thumbnail","hentry","category-social"],"jetpack_featured_media_url":"https:\/\/i2.wp.com\/realitatearutiera.ro\/wp-content\/uploads\/2025\/06\/62213475.jpg?fit=1920%2C1080&ssl=1","jetpack_publicize_connections":[],"jetpack_sharing_enabled":true,"jetpack_shortlink":"https:\/\/wp.me\/p61naM-wDz","jetpack-related-posts":[],"_links":{"self":[{"href":"https:\/\/realitatearutiera.ro\/index.php?rest_route=\/wp\/v2\/posts\/125461","targetHints":{"allow":["GET"]}}],"collection":[{"href":"https:\/\/realitatearutiera.ro\/index.php?rest_route=\/wp\/v2\/posts"}],"about":[{"href":"https:\/\/realitatearutiera.ro\/index.php?rest_route=\/wp\/v2\/types\/post"}],"author":[{"embeddable":true,"href":"https:\/\/realitatearutiera.ro\/index.php?rest_route=\/wp\/v2\/users\/1"}],"replies":[{"embeddable":true,"href":"https:\/\/realitatearutiera.ro\/index.php?rest_route=%2Fwp%2Fv2%2Fcomments&post=125461"}],"version-history":[{"count":1,"href":"https:\/\/realitatearutiera.ro\/index.php?rest_route=\/wp\/v2\/posts\/125461\/revisions"}],"predecessor-version":[{"id":125463,"href":"https:\/\/realitatearutiera.ro\/index.php?rest_route=\/wp\/v2\/posts\/125461\/revisions\/125463"}],"wp:featuredmedia":[{"embeddable":true,"href":"https:\/\/realitatearutiera.ro\/index.php?rest_route=\/wp\/v2\/media\/125462"}],"wp:attachment":[{"href":"https:\/\/realitatearutiera.ro\/index.php?rest_route=%2Fwp%2Fv2%2Fmedia&parent=125461"}],"wp:term":[{"taxonomy":"category","embeddable":true,"href":"https:\/\/realitatearutiera.ro\/index.php?rest_route=%2Fwp%2Fv2%2Fcategories&post=125461"},{"taxonomy":"post_tag","embeddable":true,"href":"https:\/\/realitatearutiera.ro\/index.php?rest_route=%2Fwp%2Fv2%2Ftags&post=125461"}],"curies":[{"name":"wp","href":"https:\/\/api.w.org\/{rel}","templated":true}]}}